{"id":64968,"date":"2021-05-19T08:27:40","date_gmt":"2021-05-19T06:27:40","guid":{"rendered":"http:\/\/www.messinaoggi.it\/website\/?p=64968"},"modified":"2021-05-19T14:07:23","modified_gmt":"2021-05-19T12:07:23","slug":"coronavirus-negativo-larcivescovo-accolla","status":"publish","type":"post","link":"https:\/\/www.messinaoggi.it\/website\/2021\/05\/19\/coronavirus-negativo-larcivescovo-accolla\/","title":{"rendered":"Coronavirus, negativo l&#8217;arcivescovo Accolla"},"content":{"rendered":"\n<p>L\u2019arcivescovo di Messina-Lipari-Santa Lucia del Mela, mons. Giovanni Accolla, \u00e8 risultato negativo al tampone per il Covid. Lo rende noto l\u2019Ufficio diocesano per le comunicazioni sociali.<div id=\"div-gpt-ad-Messinaoggi.it-DSK-300x250-corpoart\" style=\"text-align:center;margin:0 auto;\"><\/div><\/p>\n\n\n\n<p>\u201cCarissimi, con animo grato al Signore, desidero comunicarvi che proprio quest\u2019oggi ho ricevuto l\u2019esito negativo del tampone molecolare per la ricerca del Covid-19\u201d, annuncia l\u2019arcivescovo ai suoi fedeli.<div id=\"videoincontent\" style=\"clear:both\";><\/div><\/p>\n\n\n\n<p>\u201cNel ringraziare il Signore, &#8211; prosegue &#8211; sento il bisogno di esprimere viva e sincera gratitudine a tutti coloro che in questi giorni di isolamento, in modi diversi, mi sono stati vicini: ai Confratelli nell\u2019Episcopato, ai Sacerdoti, ai Religiosi, alle Religiose e alla Comunit\u00e0 parrocchiali, che mi hanno accompagnato, in modo particolare, con il balsamo della preghiera; agli operatori sanitari che con generosit\u00e0 e competenza mi hanno riservato attenzione e cura; alle tante persone che mi hanno raggiunto per manifestarmi affetto e solidariet\u00e0.<\/p>\n\n\n\n<p>\u201cIl mio pensiero va, inoltre, a coloro che ancora vivono questa dura prova, dagli ammalati ai medici, perch\u00e9 il Signore doni loro la forza e il sostegno necessari.<\/p>\n\n\n\n<p>\u201cNel riprendere con gioia e rinnovato entusiasmo il nostro cammino, affido tutti alla materna intercessione di Maria, nostra celeste Patrona, perch\u00e9 le difficolt\u00e0 del momento presente ci rendano pi\u00f9 attenti e solidali alle necessit\u00e0 e alle sofferenze di tanti nostri fratelli. Con l\u2019augurio di vederci presto, vi benedico con affetto\u201d.<\/p>\n","protected":false},"excerpt":{"rendered":"<p>L\u2019arcivescovo di Messina-Lipari-Santa Lucia del Mela, mons. Giovanni Accolla, \u00e8 risultato negativo al tampone per il Covid. Lo rende noto l\u2019Ufficio diocesano per le comunicazioni sociali. \u201cCarissimi, con animo grato al Signore, desidero comunicarvi che proprio quest\u2019oggi ho ricevuto l\u2019esito negativo del tampone molecolare per la ricerca del Covid-19\u201d, annuncia l\u2019arcivescovo ai suoi fedeli. \u201cNel [&hellip;]<\/p>\n","protected":false},"author":8,"featured_media":34338,"comment_status":"open","ping_status":"open","sticky":false,"template":"","format":"standard","meta":{"ub_ctt_via":"","_mi_skip_tracking":false},"categories":[221],"tags":[1904,227,1690],"featured_image_src":"https:\/\/www.messinaoggi.it\/website\/wp-content\/uploads\/2019\/06\/140D8915-FCEB-4F7E-807F-6590D24D083F.jpeg","author_info":{"display_name":"red..me","author_link":"https:\/\/www.messinaoggi.it\/website\/author\/redstage\/"},"digistream_id":0,"digistream":false,"_links":{"self":[{"href":"https:\/\/www.messinaoggi.it\/website\/wp-json\/wp\/v2\/posts\/64968"}],"collection":[{"href":"https:\/\/www.messinaoggi.it\/website\/wp-json\/wp\/v2\/posts"}],"about":[{"href":"https:\/\/www.messinaoggi.it\/website\/wp-json\/wp\/v2\/types\/post"}],"author":[{"embeddable":true,"href":"https:\/\/www.messinaoggi.it\/website\/wp-json\/wp\/v2\/users\/8"}],"replies":[{"embeddable":true,"href":"https:\/\/www.messinaoggi.it\/website\/wp-json\/wp\/v2\/comments?post=64968"}],"version-history":[{"count":2,"href":"https:\/\/www.messinaoggi.it\/website\/wp-json\/wp\/v2\/posts\/64968\/revisions"}],"predecessor-version":[{"id":65020,"href":"https:\/\/www.messinaoggi.it\/website\/wp-json\/wp\/v2\/posts\/64968\/revisions\/65020"}],"wp:featuredmedia":[{"embeddable":true,"href":"https:\/\/www.messinaoggi.it\/website\/wp-json\/wp\/v2\/media\/34338"}],"wp:attachment":[{"href":"https:\/\/www.messinaoggi.it\/website\/wp-json\/wp\/v2\/media?parent=64968"}],"wp:term":[{"taxonomy":"category","embeddable":true,"href":"https:\/\/www.messinaoggi.it\/website\/wp-json\/wp\/v2\/categories?post=64968"},{"taxonomy":"post_tag","embeddable":true,"href":"https:\/\/www.messinaoggi.it\/website\/wp-json\/wp\/v2\/tags?post=64968"}],"curies":[{"name":"wp","href":"https:\/\/api.w.org\/{rel}","templated":true}]}}