{"id":64629,"date":"2021-05-17T08:00:23","date_gmt":"2021-05-17T06:00:23","guid":{"rendered":"http:\/\/www.messinaoggi.it\/website\/?p=64629"},"modified":"2021-05-17T07:41:45","modified_gmt":"2021-05-17T05:41:45","slug":"giornata-contro-lomofobia-il-comune-in-prima-linea-per-combattere-lhate-speech","status":"publish","type":"post","link":"https:\/\/www.messinaoggi.it\/website\/2021\/05\/17\/giornata-contro-lomofobia-il-comune-in-prima-linea-per-combattere-lhate-speech\/","title":{"rendered":"Giornata contro l&#8217;omofobia, il Comune in prima linea per combattere l&#8217;hate speech"},"content":{"rendered":"\n<p>Oggi ricorre la diciassettesima Giornata Internazionale contro l\u2019omofobia, e per l\u2019occasione il comune di Messina, attraverso l\u2019Assessorato alle Pari opportunit\u00e0, ha aderito alla campagna nazionale contro il discorso d&#8217;odio (hate speech), promossa dalla Rete Re.a.dy, e sostiene la manifestazione a favore del ddl Zan, organizzata dalle associazioni locali della Comunit\u00e0 LGBT+; la manifestazione, in particolare, si terr\u00e0 dalle 17 alle 19 a Piazza Unione Europea.<div id=\"div-gpt-ad-Messinaoggi.it-DSK-300x250-corpoart\" style=\"text-align:center;margin:0 auto;\"><\/div><\/p>\n\n\n\n<p>La prima Giornata internazionale contro l\u2019omofobia, la lesbofobia, la bifobia e la transfobia ha avuto luogo il 17 maggio del 2005, a 15 anni esatti dalla storica data nel 1990 in cui l\u2019omosessualit\u00e0 venne rimossa dalla lista delle malattie mentali nella classificazione internazionale delle malattie pubblicata dalla World Health Organisation, l\u2019Organizzazione Mondiale della Sanit\u00e0.<div id=\"videoincontent\" style=\"clear:both\";><\/div><\/p>\n\n\n\n<p><strong>La campagna contro l&#8217;hate speech. <\/strong>Il comune di Messina, in qualit\u00e0 di partner, ha accolto la campagna di comunicazione lanciata dalla Rete Re.a.dy con il duplice claim \u201cIo non uso parole d\u2019odio e tu?\u201d e \u201cQui non c\u2019\u00e8 posto per le parole d\u2019odio\u201d. Il Comune, dunque, intende manifestare l\u2019impegno nel quotidiano volto a contrastare i discorsi d\u2019odio e ogni forma di discriminazione di genere. <\/p>\n\n\n\n<p>Infatti, la campagna si articola su due canali, uno fisico, attraverso l\u2019affissione di cartelloni e poster curati dalle amministrazioni pubbliche; e uno digitale, attraverso la condivisione social di materiali a cui potranno partecipare anche cittadini e cittadine adottando per il 17 maggio una cornice per le foto profilo su Facebook (per partecipare basta tenere premuto sulla propria immagine di profilo, selezionare \u201caggiungi motivo\u201de cercare \u201cREADY 17 maggio\u201d).<\/p>\n\n\n\n<p><strong>Il ddl Zan.<\/strong> Quest\u2019anno, inoltre, la Giornata ricopre un significato ulteriore per il Paese, essendo approdato al Senato il disegno di legge Zan contro le discriminazioni e violenze nei confronti, tra le altre, di persone omosessuali, transessuali e con disabilit\u00e0. <\/p>\n\n\n\n<p>Al momento il disegno di legge \u00e8 fermo al Senato. Il testo, gi\u00e0 approvato alla Camera, aspetta il via libera del Senato affinch\u00e9 diventi legge. Tuttavia, la Commissione Giustizia del Senato, presieduta dal leghista Andrea Ostellari, fortemente contrario alla proposta, di fatto ne sta impedendo l\u2019approvazione.<\/p>\n","protected":false},"excerpt":{"rendered":"<p>Oggi ricorre la diciassettesima Giornata Internazionale contro l\u2019omofobia, e per l\u2019occasione il comune di Messina, attraverso l\u2019Assessorato alle Pari opportunit\u00e0, ha aderito alla campagna nazionale contro il discorso d&#8217;odio (hate speech), promossa dalla Rete Re.a.dy, e sostiene la manifestazione a favore del ddl Zan, organizzata dalle associazioni locali della Comunit\u00e0 LGBT+; la manifestazione, in particolare, [&hellip;]<\/p>\n","protected":false},"author":8,"featured_media":64630,"comment_status":"open","ping_status":"open","sticky":false,"template":"","format":"standard","meta":{"ub_ctt_via":"","_mi_skip_tracking":false},"categories":[6],"tags":[25,1623],"featured_image_src":"https:\/\/www.messinaoggi.it\/website\/wp-content\/uploads\/2021\/05\/FB_IMG_1621192637135.jpg","author_info":{"display_name":"red..me","author_link":"https:\/\/www.messinaoggi.it\/website\/author\/redstage\/"},"digistream_id":0,"digistream":false,"_links":{"self":[{"href":"https:\/\/www.messinaoggi.it\/website\/wp-json\/wp\/v2\/posts\/64629"}],"collection":[{"href":"https:\/\/www.messinaoggi.it\/website\/wp-json\/wp\/v2\/posts"}],"about":[{"href":"https:\/\/www.messinaoggi.it\/website\/wp-json\/wp\/v2\/types\/post"}],"author":[{"embeddable":true,"href":"https:\/\/www.messinaoggi.it\/website\/wp-json\/wp\/v2\/users\/8"}],"replies":[{"embeddable":true,"href":"https:\/\/www.messinaoggi.it\/website\/wp-json\/wp\/v2\/comments?post=64629"}],"version-history":[{"count":4,"href":"https:\/\/www.messinaoggi.it\/website\/wp-json\/wp\/v2\/posts\/64629\/revisions"}],"predecessor-version":[{"id":64636,"href":"https:\/\/www.messinaoggi.it\/website\/wp-json\/wp\/v2\/posts\/64629\/revisions\/64636"}],"wp:featuredmedia":[{"embeddable":true,"href":"https:\/\/www.messinaoggi.it\/website\/wp-json\/wp\/v2\/media\/64630"}],"wp:attachment":[{"href":"https:\/\/www.messinaoggi.it\/website\/wp-json\/wp\/v2\/media?parent=64629"}],"wp:term":[{"taxonomy":"category","embeddable":true,"href":"https:\/\/www.messinaoggi.it\/website\/wp-json\/wp\/v2\/categories?post=64629"},{"taxonomy":"post_tag","embeddable":true,"href":"https:\/\/www.messinaoggi.it\/website\/wp-json\/wp\/v2\/tags?post=64629"}],"curies":[{"name":"wp","href":"https:\/\/api.w.org\/{rel}","templated":true}]}}