{"id":64581,"date":"2021-05-16T15:27:32","date_gmt":"2021-05-16T13:27:32","guid":{"rendered":"http:\/\/www.messinaoggi.it\/website\/?p=64581"},"modified":"2021-05-16T15:27:43","modified_gmt":"2021-05-16T13:27:43","slug":"baraccopoli-gelmini-risultato-storico-con-il-governo-draghi","status":"publish","type":"post","link":"https:\/\/www.messinaoggi.it\/website\/2021\/05\/16\/baraccopoli-gelmini-risultato-storico-con-il-governo-draghi\/","title":{"rendered":"Baraccopoli. Gelmini: &#8220;Risultato storico con il Governo Draghi&#8221;"},"content":{"rendered":"\n<p>&#8220;Ho visto con i miei occhi le baraccopoli di Messina. Grazie al governo Draghi e grazie al lavoro di Forza Italia, con la ministra Mara Carfagna e con le parlamentari Matilde Siracusano e Stefania Prestigiacomo, finalmente verr\u00e0 superata una situazione insostenibile per ottomila persone che da decenni vivono in condizioni inumane&#8221;. Cos\u00ec Mariastella Gelmini, ministro per gli Affari regionali e le autonomie, in un\u2019intervista a \u201cla Repubblica Palermo\u201d.<div id=\"div-gpt-ad-Messinaoggi.it-DSK-300x250-corpoart\" style=\"text-align:center;margin:0 auto;\"><\/div><\/p>\n\n\n\n<p>&#8220;Il governo seguir\u00e0 passo passo il lavoro del commissario straordinario al risanamento per dare risposte quanto pi\u00f9 immediate a queste famiglie. Ma quello raggiunto \u00e8 davvero un risultato storico\u201d.<div id=\"videoincontent\" style=\"clear:both\";><\/div><\/p>\n","protected":false},"excerpt":{"rendered":"<p>&#8220;Ho visto con i miei occhi le baraccopoli di Messina. Grazie al governo Draghi e grazie al lavoro di Forza Italia, con la ministra Mara Carfagna e con le parlamentari Matilde Siracusano e Stefania Prestigiacomo, finalmente verr\u00e0 superata una situazione insostenibile per ottomila persone che da decenni vivono in condizioni inumane&#8221;. Cos\u00ec Mariastella Gelmini, ministro [&hellip;]<\/p>\n","protected":false},"author":4,"featured_media":40325,"comment_status":"open","ping_status":"open","sticky":false,"template":"","format":"standard","meta":{"ub_ctt_via":"","_mi_skip_tracking":false},"categories":[4],"tags":[897,1267,1877],"featured_image_src":"https:\/\/www.messinaoggi.it\/website\/wp-content\/uploads\/2020\/02\/IMG-20200213-WA0023.jpg","author_info":{"display_name":"redme","author_link":"https:\/\/www.messinaoggi.it\/website\/author\/redme\/"},"digistream_id":0,"digistream":false,"_links":{"self":[{"href":"https:\/\/www.messinaoggi.it\/website\/wp-json\/wp\/v2\/posts\/64581"}],"collection":[{"href":"https:\/\/www.messinaoggi.it\/website\/wp-json\/wp\/v2\/posts"}],"about":[{"href":"https:\/\/www.messinaoggi.it\/website\/wp-json\/wp\/v2\/types\/post"}],"author":[{"embeddable":true,"href":"https:\/\/www.messinaoggi.it\/website\/wp-json\/wp\/v2\/users\/4"}],"replies":[{"embeddable":true,"href":"https:\/\/www.messinaoggi.it\/website\/wp-json\/wp\/v2\/comments?post=64581"}],"version-history":[{"count":1,"href":"https:\/\/www.messinaoggi.it\/website\/wp-json\/wp\/v2\/posts\/64581\/revisions"}],"predecessor-version":[{"id":64582,"href":"https:\/\/www.messinaoggi.it\/website\/wp-json\/wp\/v2\/posts\/64581\/revisions\/64582"}],"wp:featuredmedia":[{"embeddable":true,"href":"https:\/\/www.messinaoggi.it\/website\/wp-json\/wp\/v2\/media\/40325"}],"wp:attachment":[{"href":"https:\/\/www.messinaoggi.it\/website\/wp-json\/wp\/v2\/media?parent=64581"}],"wp:term":[{"taxonomy":"category","embeddable":true,"href":"https:\/\/www.messinaoggi.it\/website\/wp-json\/wp\/v2\/categories?post=64581"},{"taxonomy":"post_tag","embeddable":true,"href":"https:\/\/www.messinaoggi.it\/website\/wp-json\/wp\/v2\/tags?post=64581"}],"curies":[{"name":"wp","href":"https:\/\/api.w.org\/{rel}","templated":true}]}}