{"id":64441,"date":"2021-05-15T10:34:19","date_gmt":"2021-05-15T08:34:19","guid":{"rendered":"http:\/\/www.messinaoggi.it\/website\/?p=64441"},"modified":"2021-05-15T10:34:49","modified_gmt":"2021-05-15T08:34:49","slug":"fipe-picciotto-entra-nel-direttivo-nazionale","status":"publish","type":"post","link":"https:\/\/www.messinaoggi.it\/website\/2021\/05\/15\/fipe-picciotto-entra-nel-direttivo-nazionale\/","title":{"rendered":"Fipe, Picciotto entra nel direttivo nazionale"},"content":{"rendered":"\n<p>Ufficializzata nell&#8217;ambito del Consiglio nazionale della Fipe la nomina di Carmelo Picciotto a componente del Consiglio generale nazionale. Presente alla riunione, oltre al presidente nazionale Fipe Lino Stoppani e al direttore nazionale Fipe Roberto Calugi, il sottosegretario Andrea Costa che ha fornito alcune anticipazioni riguardo le prossime riaperture. Presupposto generale su cui lavorer\u00e0 la cabina di regia del governo, gi\u00e0 fissata per luned\u00ec, il profondo mutamento dello scenario di partenza che rispetto ad un anno fa vede 26 milioni di vaccinati in tutta Italia, una minore pressione sulle terapie intensive e un decremento nei dati relativi al tasso di ospedalizzazione. Dati confortanti che fanno comprendere come l&#8217;indice di contagio RT non possa pi\u00f9 essere il parametro unitario per valutare il colore di una regione.\u00a0<div id=\"div-gpt-ad-Messinaoggi.it-DSK-300x250-corpoart\" style=\"text-align:center;margin:0 auto;\"><\/div><\/p>\n\n\n\n<p>&#8220;Tra le novit\u00e0 anticipate dal sottosegretario Costa &#8211; spiega Picciotto &#8211; quella di posticipare il coprifuoco di un&#8217;ora e di arrivare nel giro di un mese alla sua totale abolizione, la riapertura dei ristoranti anche al chiuso, e anche la sera, a partire dal primo giugno e l&#8217;individuazione delle date di riapertura per tutte quelle attivit\u00e0 per le quali ancora non ne era stata fissata una. In primis il settore wedding e cerimonia, la cui data di riapertura potrebbe corrispondere con quella dei ristoranti anche al chiuso, ovvero i primi di giugno.<div id=\"videoincontent\" style=\"clear:both\";><\/div><\/p>\n\n\n\n<p>&#8220;Sono onorato di rappresentare la mia terra a livello nazionale. &#8211; conclude il presidente Fipe Confcommercio Messina &#8211; Trovo fondamentale il confronto con le istituzioni ad ogni livello. Mai come oggi la politica deve assumersi la responsabilit\u00e0 di fare delle scelte e trovare una sintesi tra emergenza sanitaria ed emergenza economica e puntare sul dialogo\u00a0fattivo con i corpi intermedi e le associazioni datoriali. Solo cos\u00ec si potr\u00e0 centrare l&#8217;obiettivo della ripartenza&#8221;.\u00a0 \u00a0<\/p>\n","protected":false},"excerpt":{"rendered":"<p>Ufficializzata nell&#8217;ambito del Consiglio nazionale della Fipe la nomina di Carmelo Picciotto a componente del Consiglio generale nazionale. Presente alla riunione, oltre al presidente nazionale Fipe Lino Stoppani e al direttore nazionale Fipe Roberto Calugi, il sottosegretario Andrea Costa che ha fornito alcune anticipazioni riguardo le prossime riaperture. Presupposto generale su cui lavorer\u00e0 la cabina [&hellip;]<\/p>\n","protected":false},"author":4,"featured_media":64442,"comment_status":"open","ping_status":"open","sticky":false,"template":"","format":"standard","meta":{"ub_ctt_via":"","_mi_skip_tracking":false},"categories":[5],"tags":[1736],"featured_image_src":"https:\/\/www.messinaoggi.it\/website\/wp-content\/uploads\/2021\/05\/Carmelo-Picciotto.jpg","author_info":{"display_name":"redme","author_link":"https:\/\/www.messinaoggi.it\/website\/author\/redme\/"},"digistream_id":0,"digistream":false,"_links":{"self":[{"href":"https:\/\/www.messinaoggi.it\/website\/wp-json\/wp\/v2\/posts\/64441"}],"collection":[{"href":"https:\/\/www.messinaoggi.it\/website\/wp-json\/wp\/v2\/posts"}],"about":[{"href":"https:\/\/www.messinaoggi.it\/website\/wp-json\/wp\/v2\/types\/post"}],"author":[{"embeddable":true,"href":"https:\/\/www.messinaoggi.it\/website\/wp-json\/wp\/v2\/users\/4"}],"replies":[{"embeddable":true,"href":"https:\/\/www.messinaoggi.it\/website\/wp-json\/wp\/v2\/comments?post=64441"}],"version-history":[{"count":1,"href":"https:\/\/www.messinaoggi.it\/website\/wp-json\/wp\/v2\/posts\/64441\/revisions"}],"predecessor-version":[{"id":64443,"href":"https:\/\/www.messinaoggi.it\/website\/wp-json\/wp\/v2\/posts\/64441\/revisions\/64443"}],"wp:featuredmedia":[{"embeddable":true,"href":"https:\/\/www.messinaoggi.it\/website\/wp-json\/wp\/v2\/media\/64442"}],"wp:attachment":[{"href":"https:\/\/www.messinaoggi.it\/website\/wp-json\/wp\/v2\/media?parent=64441"}],"wp:term":[{"taxonomy":"category","embeddable":true,"href":"https:\/\/www.messinaoggi.it\/website\/wp-json\/wp\/v2\/categories?post=64441"},{"taxonomy":"post_tag","embeddable":true,"href":"https:\/\/www.messinaoggi.it\/website\/wp-json\/wp\/v2\/tags?post=64441"}],"curies":[{"name":"wp","href":"https:\/\/api.w.org\/{rel}","templated":true}]}}