{"id":64427,"date":"2021-05-15T10:11:18","date_gmt":"2021-05-15T08:11:18","guid":{"rendered":"http:\/\/www.messinaoggi.it\/website\/?p=64427"},"modified":"2021-05-15T10:15:46","modified_gmt":"2021-05-15T08:15:46","slug":"morabito-infiniti-lavori-amam-a-mili-a-tutto-ce-un-limite","status":"publish","type":"post","link":"https:\/\/www.messinaoggi.it\/website\/2021\/05\/15\/morabito-infiniti-lavori-amam-a-mili-a-tutto-ce-un-limite\/","title":{"rendered":"Morabito: &#8220;Infiniti lavori Amam a Mili, a tutto c&#8217;\u00e8 un limite&#8221;"},"content":{"rendered":"\n<p>&#8220;Chi inizia un lavoro, qualunque esso sia e qualunque vantaggio da esso ne derivi, dovrebbe avere rispetto per i cittadini, che ne accettano supinamente i consequenziali disagi per goderne dei benefici dopo&#8221;: \u00e8 la premessa della nota di Fabio Morabito, presidente dell&#8217;associazione politico-culturale &#8220;Radici&#8221;.<div id=\"div-gpt-ad-Messinaoggi.it-DSK-300x250-corpoart\" style=\"text-align:center;margin:0 auto;\"><\/div><\/p>\n\n\n\n<p>&#8220;Ma quando sar\u00e0 questo \u201cdopo\u201d? E\u2019 il caso dei lavori Amam a Mili Marina (zona Canneto) per il revamping del depuratore &#8211; denuncia Morabito &#8211;  lavori che sono iniziati nel luglio 2020 e che non sono ancora stati ultimati, nonostante la data di ultimazione fosse prevista per il 31 dicembre 2020.<div id=\"videoincontent\" style=\"clear:both\";><\/div><\/p>\n\n\n\n<p>E\u2019 notizia di qualche giorno fa, dopo due settimane di &#8216;diserzione lavorativa \u2013 prosegue Morabito &#8211; che i lavori siano stati prorogati fino al 30 luglio 2021 e poi chiss\u00e0 ancora per quanto altro tempo ancora.<\/p>\n\n\n\n<p>Nel frattempo gli automobilisti che dai villaggi dell\u2019estrema zona sud devono muoversi verso il centro citt\u00e0 e viceversa, viaggiano attanagliati in un pericoloso doppio senso di circolazione che nelle ore di punta diventa un autentico imbuto, per non parlare del gravissimo danno economico che alcune attivit\u00e0 ubicate proprio in quel tratto stanno subendo.<\/p>\n\n\n\n<p>Noi non contestiamo i lavori \u2013 precisa il presidente dell\u2019associazione \u2013 anzi, siamo felici dell\u2019avvio di una infrastrutturazione attesa da circa 30 anni, ma nel raccogliere le legittime lamentele di parecchi residenti e pendolari riteniamo che non si possa sempre tollerare il fatto che in generale in questa citt\u00e0 (chiss\u00e0 perch\u00e9) i lavori abbiano un inizio e quasi mai una fine certa.<\/p>\n\n\n\n<p>Quindi, che ben vengano gli interventi che servono a migliorare i servizi \u2013 conclude Morabito &#8211; ma \u00e8 necessario sorvegliarne con attenzione lo svolgimento avendo soprattutto certezze sui tempi di completamento che, al netto delle problematiche che possono sorgere durante l\u2019esecuzione, dovrebbero essere puntuali o al massimo sforare di poco il termine ultimo&#8221;.<\/p>\n\n\n\n<p>Insomma, il nostro auspicio \u00e8 quello di <strong>poter vivere in una citt\u00e0 pi\u00f9 vivibile, non perennemente transennata.<\/strong><\/p>\n\n\n\n<p>Messina l\u00ec, 15\/05\/2021                                                      <strong><em>Associazione politico-culturale \u201cRADICI\u201d<\/em><\/strong><\/p>\n","protected":false},"excerpt":{"rendered":"<p>&#8220;Chi inizia un lavoro, qualunque esso sia e qualunque vantaggio da esso ne derivi, dovrebbe avere rispetto per i cittadini, che ne accettano supinamente i consequenziali disagi per goderne dei benefici dopo&#8221;: \u00e8 la premessa della nota di Fabio Morabito, presidente dell&#8217;associazione politico-culturale &#8220;Radici&#8221;. &#8220;Ma quando sar\u00e0 questo \u201cdopo\u201d? E\u2019 il caso dei lavori Amam [&hellip;]<\/p>\n","protected":false},"author":4,"featured_media":48785,"comment_status":"open","ping_status":"open","sticky":false,"template":"","format":"standard","meta":{"ub_ctt_via":"","_mi_skip_tracking":false},"categories":[6],"tags":[1080,1858],"featured_image_src":"https:\/\/www.messinaoggi.it\/website\/wp-content\/uploads\/2020\/11\/20201105_163513-scaled-1.jpg","author_info":{"display_name":"redme","author_link":"https:\/\/www.messinaoggi.it\/website\/author\/redme\/"},"digistream_id":0,"digistream":false,"_links":{"self":[{"href":"https:\/\/www.messinaoggi.it\/website\/wp-json\/wp\/v2\/posts\/64427"}],"collection":[{"href":"https:\/\/www.messinaoggi.it\/website\/wp-json\/wp\/v2\/posts"}],"about":[{"href":"https:\/\/www.messinaoggi.it\/website\/wp-json\/wp\/v2\/types\/post"}],"author":[{"embeddable":true,"href":"https:\/\/www.messinaoggi.it\/website\/wp-json\/wp\/v2\/users\/4"}],"replies":[{"embeddable":true,"href":"https:\/\/www.messinaoggi.it\/website\/wp-json\/wp\/v2\/comments?post=64427"}],"version-history":[{"count":1,"href":"https:\/\/www.messinaoggi.it\/website\/wp-json\/wp\/v2\/posts\/64427\/revisions"}],"predecessor-version":[{"id":64432,"href":"https:\/\/www.messinaoggi.it\/website\/wp-json\/wp\/v2\/posts\/64427\/revisions\/64432"}],"wp:featuredmedia":[{"embeddable":true,"href":"https:\/\/www.messinaoggi.it\/website\/wp-json\/wp\/v2\/media\/48785"}],"wp:attachment":[{"href":"https:\/\/www.messinaoggi.it\/website\/wp-json\/wp\/v2\/media?parent=64427"}],"wp:term":[{"taxonomy":"category","embeddable":true,"href":"https:\/\/www.messinaoggi.it\/website\/wp-json\/wp\/v2\/categories?post=64427"},{"taxonomy":"post_tag","embeddable":true,"href":"https:\/\/www.messinaoggi.it\/website\/wp-json\/wp\/v2\/tags?post=64427"}],"curies":[{"name":"wp","href":"https:\/\/api.w.org\/{rel}","templated":true}]}}