{"id":64399,"date":"2021-05-15T08:00:09","date_gmt":"2021-05-15T06:00:09","guid":{"rendered":"http:\/\/www.messinaoggi.it\/website\/?p=64399"},"modified":"2021-05-14T21:44:02","modified_gmt":"2021-05-14T19:44:02","slug":"meteo-la-primavera-stenta-sabato-ventoso","status":"publish","type":"post","link":"https:\/\/www.messinaoggi.it\/website\/2021\/05\/15\/meteo-la-primavera-stenta-sabato-ventoso\/","title":{"rendered":"Meteo, la primavera stenta: sabato ventoso"},"content":{"rendered":"\n<p>Pur fuendo di alcune giornate particolarmente miti e dai connotati simil estivi in particolar modo sul versante tirrenico, nessun anticiclone ben attrezzato \u00e8 riuscito a egemonizzare a lunga gittata il bacino centrale del Mediterraneo.<div id=\"div-gpt-ad-Messinaoggi.it-DSK-300x250-corpoart\" style=\"text-align:center;margin:0 auto;\"><\/div><\/p>\n\n\n\n<p>In queste ultime ore, la Sicilia \u00e8 sotto la direzione di un umido libecciale veicolato da una dinamica meridiana tipica delle stagioni di transizione.<div id=\"videoincontent\" style=\"clear:both\";><\/div><\/p>\n\n\n\n<p>Una conca depressionaria sta fendendo una decadente alta pressione, interessando principalmente le regioni centro settentrionali. La Sicilia sar\u00e0 soltanto accarezzata transeuntemente dal rimescolamento di masse d&#8217;aria, con una -20 a 500 hpa che soltanto all&#8217;alba di sabato scivoler\u00e0 per qualche ora sulle nostre coste tirreniche.<\/p>\n\n\n\n<p>Il cardine depressionario sar\u00e0 allocato a oltre 300 km dalle nostre coste e sfreccer\u00e0 verso levante, senza mai lasciare il segno in termini di gradiente verticale.<\/p>\n\n\n\n<p>Il gradiente orizzontale che ne deriver\u00e0 originer\u00e0 una sostenuta ventilazione anabatica lungo il settore meridionale del Tirreno, senza provocare temibili mareggiate proibitive per la navigazione marittima. Ma le turbinose raffiche catabatiche acquisteranno notevole potenza eolica sul crinale, superando la soglia di attenzione.<\/p>\n\n\n\n<p>Domenica, un lembo azzorriano in estensione zonale favorir\u00e0 condizioni di sostanziale stabilit\u00e0, con qualche magagna eolica prettamente microclimatica.<\/p>\n\n\n\n<p>Con questo quadro sinottico, sabato le condizioni meteorologiche saranno lievemente instabili ma mai marcatamente perturbate, con penuria di precipitazioni dissetanti.<\/p>\n\n\n\n<p>Il cielo si presenter\u00e0 molto nuvoloso soprattutto in mattinata, con possibili rovesci di pioggia che prediligeranno le Eolie, mentre deboli piovaschi avvettivi riguarderanno la costa tirrenica e il versante settentrionale dello Stretto, senza alcun picco pluviometrico ( 2-4 mm).<\/p>\n\n\n\n<p>A monte, addensamenti cumuliformi potrebbero assemblarsi, dando luogo a piovaschi da stau senza alcuna attivit\u00e0 ceraunica.<\/p>\n\n\n\n<p>Domenica Il tempo sar\u00e0 decisamente primaverile, con cielo poco o al pi\u00f9 parzialmente nuvoloso, senza alcuna inversione di tendenza.<\/p>\n\n\n\n<p>Sabato un teso maestrale render\u00e0 moderatamente mosso il Tirreno sotto costa, mentre le burrascose raffiche catabatiche saranno da attenzionare soprattutto fra Altolia e Monte Scuderi, sferzate da picchi over 90-95 km dalle 9 alle 13.<\/p>\n\n\n\n<p>Domenica subentrer\u00e0 un vento cavaliere piuttosto rognoso soprattutto lungo la riviera sud strettese, con raffiche che potrebbero anche toccare i 50-55 km\/h fra Trimestieri e Nizza.<\/p>\n\n\n\n<p>Il Tirreno sar\u00e0 in scaduta dal pomeriggio domenicale, mentre lo Stretto sar\u00e1 visibilmente spumeggiante e fruibile per i serfisti. La temperatura \u00e8 prevista in flessione sabato, con una temperata +7 a 850 hpa.<\/p>\n\n\n\n<p>Domenica, la preponderante radiazione solare indurr\u00e0 un piacevole tepore tirrenico, propiziando minime di 17\u00b0 e massime di 22\u00b0all&#8217;ombra. Il teso grecale strettese refrigerer\u00e0 sensibilmente questo lungo tratto costiero. Il tasso dell&#8217;Ur far\u00e0 segnare valori mediamente elevati compresi fra il 60 e l&#8217;80%.<\/p>\n\n\n\n<p>Le tendenze del tempo a medio termine previste per la prossima settimana prefigurano l&#8217;affermazione di una blanda figura altopressoria, in grado di difendere la Sicilia da assalti perturbati per almeno 7 giorni.<\/p>\n\n\n\n<p class=\"has-text-align-right\"><strong>Alessio Campobello<\/strong><\/p>\n","protected":false},"excerpt":{"rendered":"<p>Pur fuendo di alcune giornate particolarmente miti e dai connotati simil estivi in particolar modo sul versante tirrenico, nessun anticiclone ben attrezzato \u00e8 riuscito a egemonizzare a lunga gittata il bacino centrale del Mediterraneo. In queste ultime ore, la Sicilia \u00e8 sotto la direzione di un umido libecciale veicolato da una dinamica meridiana tipica delle [&hellip;]<\/p>\n","protected":false},"author":8,"featured_media":64400,"comment_status":"open","ping_status":"open","sticky":false,"template":"","format":"standard","meta":{"ub_ctt_via":"","_mi_skip_tracking":false},"categories":[5],"tags":[602,178],"featured_image_src":"https:\/\/www.messinaoggi.it\/website\/wp-content\/uploads\/2021\/05\/93b7cf77-c033-4d2a-85aa-8419dbf69772.jpg","author_info":{"display_name":"red..me","author_link":"https:\/\/www.messinaoggi.it\/website\/author\/redstage\/"},"digistream_id":0,"digistream":false,"_links":{"self":[{"href":"https:\/\/www.messinaoggi.it\/website\/wp-json\/wp\/v2\/posts\/64399"}],"collection":[{"href":"https:\/\/www.messinaoggi.it\/website\/wp-json\/wp\/v2\/posts"}],"about":[{"href":"https:\/\/www.messinaoggi.it\/website\/wp-json\/wp\/v2\/types\/post"}],"author":[{"embeddable":true,"href":"https:\/\/www.messinaoggi.it\/website\/wp-json\/wp\/v2\/users\/8"}],"replies":[{"embeddable":true,"href":"https:\/\/www.messinaoggi.it\/website\/wp-json\/wp\/v2\/comments?post=64399"}],"version-history":[{"count":1,"href":"https:\/\/www.messinaoggi.it\/website\/wp-json\/wp\/v2\/posts\/64399\/revisions"}],"predecessor-version":[{"id":64401,"href":"https:\/\/www.messinaoggi.it\/website\/wp-json\/wp\/v2\/posts\/64399\/revisions\/64401"}],"wp:featuredmedia":[{"embeddable":true,"href":"https:\/\/www.messinaoggi.it\/website\/wp-json\/wp\/v2\/media\/64400"}],"wp:attachment":[{"href":"https:\/\/www.messinaoggi.it\/website\/wp-json\/wp\/v2\/media?parent=64399"}],"wp:term":[{"taxonomy":"category","embeddable":true,"href":"https:\/\/www.messinaoggi.it\/website\/wp-json\/wp\/v2\/categories?post=64399"},{"taxonomy":"post_tag","embeddable":true,"href":"https:\/\/www.messinaoggi.it\/website\/wp-json\/wp\/v2\/tags?post=64399"}],"curies":[{"name":"wp","href":"https:\/\/api.w.org\/{rel}","templated":true}]}}