{"id":6436,"date":"2017-08-14T17:28:20","date_gmt":"2017-08-14T15:28:20","guid":{"rendered":"http:\/\/www.messinaoggi.it\/website\/?p=6436"},"modified":"2017-08-14T17:28:20","modified_gmt":"2017-08-14T15:28:20","slug":"morte-cavallo-oliver-presentato-esposto-dalla-tutela-animali","status":"publish","type":"post","link":"https:\/\/www.messinaoggi.it\/website\/2017\/08\/14\/morte-cavallo-oliver-presentato-esposto-dalla-tutela-animali\/","title":{"rendered":"Morte cavallo Oliver, presentato esposto dalla &quot;Tutela Animali&quot;"},"content":{"rendered":"<p>Il Nucleo Operativo Italiano Tutela Animali ha questa mattina depositato un esposto segnalando il vetturino ed il sindaco di Messina, Renato Accorinti, per maltrattamento di animali aggravato dalla morte del cavallo. Nella denuncia \u00e8 stato inoltre chiesto al comandante dei Carabinieri di Messina di procedere all&#8217;immediato sequestro di tutte le altre carrozze che sono in giro per la citta&#8217; e che stanno mettendo a rischio la vita degli animali.<br \/>\nCom&#8217;\u00e8 noto il cavallo che porta una carrozza per turisti a Messina si \u00e8 accasciato per terra nel centro della citt\u00e0, in Via Vittorio Emanuel, e per poi morire dopo qualche ora. La stanchezza e il grandissimo caldo sicuramente sono stati per lui fatali.<div id=\"div-gpt-ad-Messinaoggi.it-DSK-300x250-corpoart\" style=\"text-align:center;margin:0 auto;\"><\/div><\/p>\n<div id=\"videoincontent\" style=\"clear:both\";><\/div>","protected":false},"excerpt":{"rendered":"<p>Il Nucleo Operativo Italiano Tutela Animali ha questa mattina depositato un esposto segnalando il vetturino ed il sindaco di Messina, Renato Accorinti, per maltrattamento di animali aggravato dalla morte del cavallo. Nella denuncia \u00e8 stato inoltre chiesto al comandante dei Carabinieri di Messina di procedere all&#8217;immediato sequestro di tutte le altre carrozze che sono in [&hellip;]<\/p>\n","protected":false},"author":2,"featured_media":6437,"comment_status":"closed","ping_status":"open","sticky":false,"template":"","format":"standard","meta":{"ub_ctt_via":"","_mi_skip_tracking":false},"categories":[5],"tags":[],"featured_image_src":"https:\/\/www.messinaoggi.it\/website\/wp-content\/uploads\/2017\/08\/17884220_10212869624405322_3465769790933179140_n-2.jpg","author_info":{"display_name":"Redazione","author_link":"https:\/\/www.messinaoggi.it\/website\/author\/redazione\/"},"digistream_id":0,"digistream":false,"_links":{"self":[{"href":"https:\/\/www.messinaoggi.it\/website\/wp-json\/wp\/v2\/posts\/6436"}],"collection":[{"href":"https:\/\/www.messinaoggi.it\/website\/wp-json\/wp\/v2\/posts"}],"about":[{"href":"https:\/\/www.messinaoggi.it\/website\/wp-json\/wp\/v2\/types\/post"}],"author":[{"embeddable":true,"href":"https:\/\/www.messinaoggi.it\/website\/wp-json\/wp\/v2\/users\/2"}],"replies":[{"embeddable":true,"href":"https:\/\/www.messinaoggi.it\/website\/wp-json\/wp\/v2\/comments?post=6436"}],"version-history":[{"count":0,"href":"https:\/\/www.messinaoggi.it\/website\/wp-json\/wp\/v2\/posts\/6436\/revisions"}],"wp:featuredmedia":[{"embeddable":true,"href":"https:\/\/www.messinaoggi.it\/website\/wp-json\/wp\/v2\/media\/6437"}],"wp:attachment":[{"href":"https:\/\/www.messinaoggi.it\/website\/wp-json\/wp\/v2\/media?parent=6436"}],"wp:term":[{"taxonomy":"category","embeddable":true,"href":"https:\/\/www.messinaoggi.it\/website\/wp-json\/wp\/v2\/categories?post=6436"},{"taxonomy":"post_tag","embeddable":true,"href":"https:\/\/www.messinaoggi.it\/website\/wp-json\/wp\/v2\/tags?post=6436"}],"curies":[{"name":"wp","href":"https:\/\/api.w.org\/{rel}","templated":true}]}}