{"id":64289,"date":"2021-05-14T10:56:10","date_gmt":"2021-05-14T08:56:10","guid":{"rendered":"http:\/\/www.messinaoggi.it\/website\/?p=64289"},"modified":"2021-05-14T10:56:27","modified_gmt":"2021-05-14T08:56:27","slug":"autismo-lasp-si-fara-carico-del-progetto-portato-avanti-dal-policlinico","status":"publish","type":"post","link":"https:\/\/www.messinaoggi.it\/website\/2021\/05\/14\/autismo-lasp-si-fara-carico-del-progetto-portato-avanti-dal-policlinico\/","title":{"rendered":"Autismo, l&#8217;Asp si far\u00e0 carico del progetto portato avanti dal Policlinico"},"content":{"rendered":"\n<p>Ci sar\u00e0 una continuit\u00e0 assistenziale per i bambini con disturbo dello spettro dell&#8217;autismo, che facevano parte del \u201cProgramma Interdipartimentale Autismo 0-90\u201d, portato avanti dal Policlinico di Messina, grazie ad un intervento dell\u2019Asp che si far\u00e0 carico dei costi delle terapie dei nove bambini interessati affinch\u00e9 si possa concludere il loro piano terapeutico. Dopo una convenzione tra Policlinico e Asp i ragazzi potranno continuare a ricevere l\u2019assistenza fino al termine delle attivit\u00e0 previste per il prossimo ottobre. \u201cAbbiamo ritenuto indispensabile \u2013 spiega Bernardo Alagna direttore generale dell&#8217;Asp di Messina &#8211; evitare la chiusura dell&#8217;intero progetto che prevede terapie altamente qualificate e con professionisti di alto livello. Un servizio fondamentale per questi ragazzi che hanno ottenuto notevoli benefici in questi anni. Riteniamo la collaborazione tra istituzioni ancora pi\u00f9 importante quando si tratta di servizi cos\u00ec importanti dal punto di vista sociale e assistenziale. Dobbiamo fare in modo che questi ragazzi possano essere aiutati con le migliori terapie da parte dei sanitari specializzati. Nel frattempo \u2013 prosegue Alagna \u2013 sempre per i bambini affetti da autismo partir\u00e0 a breve nel Dipartimento di Salute Mentale \u00a0dell&#8217;Asp, diretto dal prof. Gaspare Motta, \u00a0nell&#8217;unit\u00e0 operativa di Neuropsichiatria Infantile diretta dalla dott.ssa Santina Patan\u00e9 un Centro Di.ATIP, \u00a0Dipartimento diagnosi e trattamento intensivo precoce, per riuscire a diagnosticare al pi\u00f9 presto questi disturbi ed intervenire in modo adeguato. Inoltre, stiamo predisponendo un bando per realizzare il primo Centro diurno metropolitano di Messina per ragazzi autistici dell&#8217;Asp. Tutto ci\u00f2 perch\u00e9 ci siamo resi conto che ci sono parecchie richieste di assistenza in citt\u00e0, che non possono essere soddisfatte. In provincia abbiamo gi\u00e0 tre centri diurni con strutture private convenzionate con l\u2019Asp, ma in citt\u00e0 \u00e8 ormai essenziale creare questa struttura.<div id=\"div-gpt-ad-Messinaoggi.it-DSK-300x250-corpoart\" style=\"text-align:center;margin:0 auto;\"><\/div><\/p>\n\n\n\n<p>Riteniamo fondamentale creare questo Centro al fine di supportare il disagio delle famiglie che in questo periodo di emergenza pandemia \u00a0si trovano con i minori in casa, con un&#8217; interruzione della routine giornaliera organizzata e dei trattamenti individualizzati e inclusivi.<div id=\"videoincontent\" style=\"clear:both\";><\/div><\/p>\n\n\n\n<p>Le misure di contenimento dei rischi per l\u2019emergenza Coronavirus potrebbero generare situazioni di disagio\/stress psicologico e disfunzionalit\u00e0 negli stili educazionali parentali, nonch\u00e9 difficolt\u00e0 nella gestione del tempo da trascorrere in casa, quindi \u00e8 nostro compito istituzionale realizzare in tempi brevi questo Centro&#8221;.<\/p>\n","protected":false},"excerpt":{"rendered":"<p>Ci sar\u00e0 una continuit\u00e0 assistenziale per i bambini con disturbo dello spettro dell&#8217;autismo, che facevano parte del \u201cProgramma Interdipartimentale Autismo 0-90\u201d, portato avanti dal Policlinico di Messina, grazie ad un intervento dell\u2019Asp che si far\u00e0 carico dei costi delle terapie dei nove bambini interessati affinch\u00e9 si possa concludere il loro piano terapeutico. Dopo una convenzione [&hellip;]<\/p>\n","protected":false},"author":4,"featured_media":64290,"comment_status":"open","ping_status":"open","sticky":false,"template":"","format":"standard","meta":{"ub_ctt_via":"","_mi_skip_tracking":false},"categories":[5],"tags":[],"featured_image_src":"https:\/\/www.messinaoggi.it\/website\/wp-content\/uploads\/2021\/05\/Alagna.jpg","author_info":{"display_name":"redme","author_link":"https:\/\/www.messinaoggi.it\/website\/author\/redme\/"},"digistream_id":0,"digistream":false,"_links":{"self":[{"href":"https:\/\/www.messinaoggi.it\/website\/wp-json\/wp\/v2\/posts\/64289"}],"collection":[{"href":"https:\/\/www.messinaoggi.it\/website\/wp-json\/wp\/v2\/posts"}],"about":[{"href":"https:\/\/www.messinaoggi.it\/website\/wp-json\/wp\/v2\/types\/post"}],"author":[{"embeddable":true,"href":"https:\/\/www.messinaoggi.it\/website\/wp-json\/wp\/v2\/users\/4"}],"replies":[{"embeddable":true,"href":"https:\/\/www.messinaoggi.it\/website\/wp-json\/wp\/v2\/comments?post=64289"}],"version-history":[{"count":1,"href":"https:\/\/www.messinaoggi.it\/website\/wp-json\/wp\/v2\/posts\/64289\/revisions"}],"predecessor-version":[{"id":64291,"href":"https:\/\/www.messinaoggi.it\/website\/wp-json\/wp\/v2\/posts\/64289\/revisions\/64291"}],"wp:featuredmedia":[{"embeddable":true,"href":"https:\/\/www.messinaoggi.it\/website\/wp-json\/wp\/v2\/media\/64290"}],"wp:attachment":[{"href":"https:\/\/www.messinaoggi.it\/website\/wp-json\/wp\/v2\/media?parent=64289"}],"wp:term":[{"taxonomy":"category","embeddable":true,"href":"https:\/\/www.messinaoggi.it\/website\/wp-json\/wp\/v2\/categories?post=64289"},{"taxonomy":"post_tag","embeddable":true,"href":"https:\/\/www.messinaoggi.it\/website\/wp-json\/wp\/v2\/tags?post=64289"}],"curies":[{"name":"wp","href":"https:\/\/api.w.org\/{rel}","templated":true}]}}