{"id":6426,"date":"2017-08-14T12:26:17","date_gmt":"2017-08-14T10:26:17","guid":{"rendered":"http:\/\/www.messinaoggi.it\/website\/?p=6426"},"modified":"2017-08-14T12:26:17","modified_gmt":"2017-08-14T10:26:17","slug":"giovane-romano-investito-sulla20-individuato-il-pirata-della-strada","status":"publish","type":"post","link":"https:\/\/www.messinaoggi.it\/website\/2017\/08\/14\/giovane-romano-investito-sulla20-individuato-il-pirata-della-strada\/","title":{"rendered":"Giovane romano investito sull&#039;A20, individuato il &quot;pirata della strada&quot;"},"content":{"rendered":"<p>E&#8217; ancora da chiarire perch\u00e9 vagava in autostrada, ma il mistero sull&#8217;investitore \u00e8 stato fugato. Un 23enne romano \u00e8 stato trovato ieri mattina in autostrada senza braccio sinistro, a tranciarglielo sarebbe stata la Fiat &#8220;Punto&#8221; condotta da un ventenne originario di Enna, ma in vacanza nel comprensorio pattese. La conferma arriva dalla Polizia stradale di Barcellona che ha avviato le indagini insieme ai colleghi della sezione di Messina.<br \/>\nSul luogo dell\u2019incidente, gli agenti della Polstrada hanno effettuato una ricognizione al fine di recuperare qualche indizio che potesse dare qualche ipotesi sulla dinamica del sinistro. La minuziosa ricerca ha portato all\u2019individuazione di un pezzo di carrozzeria, che ha consentito di risalire al modello ed al colore del veicolo investitore, una Fiat &#8220;Punto&#8221; di colore bianco.<br \/>\nLe successive indagini hanno consentito di individuare il mezzo che nel corso della fuga \u00e8 stato immortalato dalle telecamere di sorveglianza del Cas. La macchina \u00e8 stata rintracciata in un&#8217;officina di Furnari. L&#8217;automobilista deve rispondere di lesioni gravi e omissione di soccorso e fuga, inoltre gli \u00e8 stata ritirata la patente di guida e sequestrato il veicolo.<br \/>\nL&#8217;uomo investito si trova ricoverato al Policlinico di Messina, le sue condizioni non destano preoccupazione.<br \/>\n <div id=\"div-gpt-ad-Messinaoggi.it-DSK-300x250-corpoart\" style=\"text-align:center;margin:0 auto;\"><\/div><\/p>\n<div id=\"videoincontent\" style=\"clear:both\";><\/div>","protected":false},"excerpt":{"rendered":"<p>E&#8217; ancora da chiarire perch\u00e9 vagava in autostrada, ma il mistero sull&#8217;investitore \u00e8 stato fugato. Un 23enne romano \u00e8 stato trovato ieri mattina in autostrada senza braccio sinistro, a tranciarglielo sarebbe stata la Fiat &#8220;Punto&#8221; condotta da un ventenne originario di Enna, ma in vacanza nel comprensorio pattese. La conferma arriva dalla Polizia stradale di [&hellip;]<\/p>\n","protected":false},"author":2,"featured_media":6427,"comment_status":"closed","ping_status":"open","sticky":false,"template":"","format":"standard","meta":{"ub_ctt_via":"","_mi_skip_tracking":false},"categories":[6],"tags":[],"featured_image_src":"https:\/\/www.messinaoggi.it\/website\/wp-content\/uploads\/2017\/08\/auto-incidentata-2.jpg","author_info":{"display_name":"Redazione","author_link":"https:\/\/www.messinaoggi.it\/website\/author\/redazione\/"},"digistream_id":0,"digistream":false,"_links":{"self":[{"href":"https:\/\/www.messinaoggi.it\/website\/wp-json\/wp\/v2\/posts\/6426"}],"collection":[{"href":"https:\/\/www.messinaoggi.it\/website\/wp-json\/wp\/v2\/posts"}],"about":[{"href":"https:\/\/www.messinaoggi.it\/website\/wp-json\/wp\/v2\/types\/post"}],"author":[{"embeddable":true,"href":"https:\/\/www.messinaoggi.it\/website\/wp-json\/wp\/v2\/users\/2"}],"replies":[{"embeddable":true,"href":"https:\/\/www.messinaoggi.it\/website\/wp-json\/wp\/v2\/comments?post=6426"}],"version-history":[{"count":0,"href":"https:\/\/www.messinaoggi.it\/website\/wp-json\/wp\/v2\/posts\/6426\/revisions"}],"wp:featuredmedia":[{"embeddable":true,"href":"https:\/\/www.messinaoggi.it\/website\/wp-json\/wp\/v2\/media\/6427"}],"wp:attachment":[{"href":"https:\/\/www.messinaoggi.it\/website\/wp-json\/wp\/v2\/media?parent=6426"}],"wp:term":[{"taxonomy":"category","embeddable":true,"href":"https:\/\/www.messinaoggi.it\/website\/wp-json\/wp\/v2\/categories?post=6426"},{"taxonomy":"post_tag","embeddable":true,"href":"https:\/\/www.messinaoggi.it\/website\/wp-json\/wp\/v2\/tags?post=6426"}],"curies":[{"name":"wp","href":"https:\/\/api.w.org\/{rel}","templated":true}]}}