{"id":6396,"date":"2017-08-15T00:02:42","date_gmt":"2017-08-14T22:02:42","guid":{"rendered":"http:\/\/www.messinaoggi.it\/website\/?p=6396"},"modified":"2017-08-15T00:02:42","modified_gmt":"2017-08-14T22:02:42","slug":"ferragosto-messinese-riti-e-tradizioni-nel-segno-della-vara","status":"publish","type":"post","link":"https:\/\/www.messinaoggi.it\/website\/2017\/08\/15\/ferragosto-messinese-riti-e-tradizioni-nel-segno-della-vara\/","title":{"rendered":"Ferragosto, riti e tradizioni nel segno della Vara"},"content":{"rendered":"<div>[envira-gallery id=&#8221;6459&#8243;]<\/div>\n<div>foto Franco Raffa e Rocco Papandrea<\/div>\n<div><\/div>\n<div>Entra nel vivo il Ferragosto messinese che oggi vivr\u00e0 il suo momento clou con la processione della Vara. Un atto di fede che si tramanda di generazione in generazione che vedr\u00e0 la partecipazione di migliaia di fedeli. Anche noi vogliamo vivere questa festa di popolo con la diretta streaming.\u00a0P<span style=\"line-height: inherit;\">er garantire in sicurezza la partecipazione dei fedeli, in tutta l\u2019area della piazza e nelle strade limitrofe, dalle ore 7 alle 24, sar\u00e0 vietata la sosta, con rimozione coatta, e dalle 17.30 alle 24, vige il divieto di transito su entrambi i lati dell\u2019anello esterno; su quello centrale di piazza Castronovo e nello slargo antistante la villetta; su entrambe le carreggiate di via Garibaldi, tra il viale Giostra e piazza Castronovo; su entrambi i lati delle vie Bensaja; Duca D\u2019Aosta; Bellinzona, tra via Savonarola e piazza Castonovo; e Istria, tra piazza Castronovo e via Principessa Mafalda.<\/span><\/div>\n<div>\n<strong>Mercatino di Ferragosto sul viale Giostra<\/strong>. Il dipartimento comunale Mobilit\u00e0 urbana e Viabilit\u00e0 ha disposto l\u2019adozione di alcune limitazioni viarie che saranno valide sino alle 24 di marted\u00ec 15.<br \/>\nNel viale Giostra, nel tratto compreso tra il viale Regina Elena e la via Garibaldi, sar\u00e0 vietata la sosta su entrambi i lati della carreggiata centrale, sul lato sud della complanare sud e sul lato nord della complanare nord. Il divieto vige anche su entrambi i lati della complanare sud, tra il viale Regina Elena e via Principe Tommaso (via No\u00e8). Sar\u00e0 inoltre istituito il divieto di transito nella carreggiata centrale, tra viale Regina Elena e via Garibaldi, e nel controviale sud, tra viale Regina Elena e via Principe Tommaso.<br \/>\nSaranno consentite le direzioni sinistra, diritto e destra ai veicoli provenienti dal controviale sud di viale Giostra, direzione monte \u2013 valle, all\u2019intersezione con via Garibaldi; a quelli provenienti dal controviale nord, direzione valle \u2013 monte, all\u2019intersezione con viale Regina Elena; ai veicoli provenienti dalla carreggiata centrale, direzione monte \u2013 valle, all\u2019intersezione con viale Regina Elena, ai quali la direzione diritta sar\u00e0 consentita esclusivamente per l\u2019immissione nel controviale sud di viale Giostra.<br \/>\n<strong>Il Comune: &#8220;Limitate l&#8217;uso dell&#8217;auto in centro&#8221;<\/strong>. A seguito dei provvedimenti viari per la processione della Vara, che prevedono la chiusura al transito di una vasta area del centro urbano, e in particolare della via Garibaldi in tutto il tratto da via T. Cannizzaro a piazza Castronovo; via I Settembre, da piazza Duomo a viale S. Martino; viale Giostra, tra le vie Placida e Boner\/Pola; viale Boccetta, tra Corso Cavour e via Vittorio Emanuele II; corso Cavour, da viale Boccetta a via Garibaldi; via C. Battisti, da via della Zecca a via Garibaldi; l\u2019intera area limitrofa a piazza Duomo e tutti i primi tratti delle strade perpendicolari alla via Garibaldi, sia lato valle che monte, dalle ore 16 sino alle 22 si sconsiglia l\u2019uso dei veicoli in centro citt\u00e0. Facendo seguito a quanto richiesto dall\u2019Amministrazione in occasione delle riunioni tenutesi in Prefettura e Questura nei giorni scorsi, l\u2019Azienda Trasporti Messina assicurer\u00e0 il servizio di trasporto pubblico locale (con regolare orario festivo) per la giornata di marted\u00ec 15, anche nel centro cittadino.<br \/>\nSar\u00e0 operativo il trasporto tranviario dal capolinea Gazzi a Piazza della Repubblica, mentre da lle ore 17 sino a fine servizio il percorso da Piazza della Repubblica (Stazione Centrale) al capolinea dell\u2019Annunziata verr\u00e0 sostituito da tre autobus. Dalle 14 sino alle 2 di notte resteranno disponibili i parcheggi Zaera Sud \u2013 Villa Dante (parcheggio di interscambio con il tram) e Cavallotti posto in prossimit\u00e0 del percorso della Vara.<br \/>\nSi ricorda che le uniche arterie che resteranno aperte alla circolazione veicolare, in entrambe le direzioni di marcia, per i collegamenti nord-sud e sud-nord, saranno la via Vittorio Emanuele II (con istituzione di apposito doppio senso di circolazione nel tratto viale Boccetta \u2013 piazza Unit\u00e0 d\u2019Italia) ed il viale della Libert\u00e0. Saranno inoltre transitabili le vie Placida e Boner e tutta la circonvallazione (viali Italia, Principe Umberto, Regina Margherita e Regina Elena).<br \/>\n<strong>Largo Minutoli: spazio riservato alle persone con disabilit\u00e0.\u00a0<\/strong>In occasione della Vara, a Largo Minutoli \u00e8 stato allestito uno spazio dedicato ad ospitare persone con disabilit\u00e0 e il relativo accompagnatore, affinch\u00e9 possano seguire la solenne celebrazione in condizioni di maggiore sicurezza. A comunicarlo \u00e8 l\u2019Amministrazione comunale, che ha anche presentato altri servizi. L\u2019Atm ha predisposto bus navette in sostituzione del tram, che, essendo dotati di apposita pedana, potranno agevolare anche l\u2019utente disabile, con il suo accompagnatore, al fine di raggiungere l\u2019area appositamente allestita. Il trasporto Atm, che mantiene la tariffazione ordinaria, sar\u00e0 in partenza dalle 17, alternativamente da piazza Stazione adiacenze fermata Sais a piazza Unione Europea, lungo la Cortina del porto.<br \/>\n<strong>Fuochi pirotecnici: ordinanza della Capitaneria di porto.\u00a0<\/strong>In occasione della festa dell\u2019Assunta, marted\u00ec 15, dalle ore 9 alle 9.15, dalle 18.30 alle 19.30, e dalle 23 alle 23.15, saranno effettuati lanci di fuochi pirotecnici nella spiaggia antistante Forte San Salvatore, sottostante la stele della Madonnina del Porto e di 40 peonie acquatiche. Pertanto la Capitaneria ha disposto l\u2019ordinanza n. 77\/2017 d\u2019interdizione dello specchio acqueo antistante l\u2019area interessata.<br \/>\nDurante lo svolgimento della manifestazione pirotecnica \u00e8 vietato, ad una distanza di 300 metri, navigare, ancorare e sostare con qualunque unit\u00e0 sia da diporto che ad uso professionale; praticare la balneazione e comunque accedervi; effettuare attivit\u00e0 di immersione con qualunque tecnica; e svolgere attivit\u00e0 di pesca di qualsiasi natura.<br \/>\nNon sono soggette al divieto le unit\u00e0 ed il personale facenti capo alla ditta incaricata dell\u2019accensione dei fuochi; quelle della Guardia costiera e delle forze di polizia in servizio; e quelle adibite ad un pubblico servizio che abbiano necessit\u00e0, non prorogabile, di accedere all\u2019area in ragione delle finalit\u00e0 istituzionali perseguite dall\u2019ente di appartenenza. Le unit\u00e0 in navigazione, in prossimit\u00e0 dei limiti esterni all\u2019area d\u2019interdizione, devono procedere prestando particolare attenzione e valutando l\u2019adozione di eventuali misure aggiuntive suggerite dalla buona perizia marinaresca, al fine di prevenire situazioni di potenziale pericolo.<br \/>\nNell\u2019area interessata dallo sparo dei fuochi artificiali, segnalata sul posto, in conformit\u00e0 a quanto prescritto in seno all\u2019autorizzazione rilasciata alla ditta incaricata dell\u2019accensione, \u00e8 vietato transitare, fermarsi o sostare con qualunque autoveicolo; transitare a piedi all\u2019interno del perimetro segnalato; svolgere qualunque attivit\u00e0 che possa interferire con lo sparo dei fuochi.<br \/>\nNon \u00e8 soggetto a questo divieto il personale facente capo alla ditta incaricata dell\u2019accensione dei fuochi; quello della Capitaneria di Porto e delle Forze di Polizia; le unit\u00e0 del servizio 118 o del Comando provinciale Vigili del Fuoco o adibite ad altro pubblico servizio che abbiano necessit\u00e0, non prorogabile, di accedere all\u2019area in ragione delle finalit\u00e0 istituzionali perseguite. Gli automezzi e le persone in transito in prossimit\u00e0 dei limiti esterni all\u2019area d\u2019interdizione devono procedere prestando particolare attenzione alle segnalazioni del personale in servizio di Polizia con l\u2019adozione di eventuali misure aggiuntive suggerite dalle regole di comune prudenza, al fine di prevenire situazioni di potenziale pericolo.<br \/>\nI contravventori incorrono, autonomamente o in eventuale concorso con altre fattispecie, nell\u2019illecito amministrativo di cui all\u2019art. 1174 del Codice della navigazione.<br \/>\n<strong>LO STREAMING DI MESSINAOGGI<\/strong><br \/>\nSar\u00e0 possibile seguire la processione della Vara in diretta streaming cliccando al seguente indirizzo\u00a0<a href=\"https:\/\/www.facebook.com\/messinaoggi\/?ref=bookmarks\">https:\/\/www.facebook.com\/messinaoggi\/?ref=bookmarks<\/a>\n<\/div>\n<div><\/div>\n<div><\/div>\n<div><\/div>\n<div><\/div>\n<div><\/div>\n<div><\/div>\n<div><\/div>\n<p> <div id=\"div-gpt-ad-Messinaoggi.it-DSK-300x250-corpoart\" style=\"text-align:center;margin:0 auto;\"><\/div><\/p>\n<div id=\"videoincontent\" style=\"clear:both\";><\/div>","protected":false},"excerpt":{"rendered":"<p>[envira-gallery id=&#8221;6459&#8243;] foto Franco Raffa e Rocco Papandrea Entra nel vivo il Ferragosto messinese che oggi vivr\u00e0 il suo momento clou con la processione della Vara. Un atto di fede che si tramanda di generazione in generazione che vedr\u00e0 la partecipazione di migliaia di fedeli. Anche noi vogliamo vivere questa festa di popolo con la [&hellip;]<\/p>\n","protected":false},"author":2,"featured_media":6471,"comment_status":"closed","ping_status":"open","sticky":false,"template":"","format":"standard","meta":{"ub_ctt_via":"","_mi_skip_tracking":false},"categories":[19,2],"tags":[],"featured_image_src":"https:\/\/www.messinaoggi.it\/website\/wp-content\/uploads\/2017\/08\/IMG_1240-2.jpg","author_info":{"display_name":"Redazione","author_link":"https:\/\/www.messinaoggi.it\/website\/author\/redazione\/"},"digistream_id":0,"digistream":false,"_links":{"self":[{"href":"https:\/\/www.messinaoggi.it\/website\/wp-json\/wp\/v2\/posts\/6396"}],"collection":[{"href":"https:\/\/www.messinaoggi.it\/website\/wp-json\/wp\/v2\/posts"}],"about":[{"href":"https:\/\/www.messinaoggi.it\/website\/wp-json\/wp\/v2\/types\/post"}],"author":[{"embeddable":true,"href":"https:\/\/www.messinaoggi.it\/website\/wp-json\/wp\/v2\/users\/2"}],"replies":[{"embeddable":true,"href":"https:\/\/www.messinaoggi.it\/website\/wp-json\/wp\/v2\/comments?post=6396"}],"version-history":[{"count":0,"href":"https:\/\/www.messinaoggi.it\/website\/wp-json\/wp\/v2\/posts\/6396\/revisions"}],"wp:featuredmedia":[{"embeddable":true,"href":"https:\/\/www.messinaoggi.it\/website\/wp-json\/wp\/v2\/media\/6471"}],"wp:attachment":[{"href":"https:\/\/www.messinaoggi.it\/website\/wp-json\/wp\/v2\/media?parent=6396"}],"wp:term":[{"taxonomy":"category","embeddable":true,"href":"https:\/\/www.messinaoggi.it\/website\/wp-json\/wp\/v2\/categories?post=6396"},{"taxonomy":"post_tag","embeddable":true,"href":"https:\/\/www.messinaoggi.it\/website\/wp-json\/wp\/v2\/tags?post=6396"}],"curies":[{"name":"wp","href":"https:\/\/api.w.org\/{rel}","templated":true}]}}