{"id":63914,"date":"2021-05-12T19:00:10","date_gmt":"2021-05-12T17:00:10","guid":{"rendered":"http:\/\/www.messinaoggi.it\/website\/?p=63914"},"modified":"2021-05-12T00:50:11","modified_gmt":"2021-05-11T22:50:11","slug":"sport-coni-sicilia-nomina-i-fiduciari-locali-per-il-prossimo-quadriennio","status":"publish","type":"post","link":"https:\/\/www.messinaoggi.it\/website\/2021\/05\/12\/sport-coni-sicilia-nomina-i-fiduciari-locali-per-il-prossimo-quadriennio\/","title":{"rendered":"SPORT &#8211; CONI Sicilia nomina i fiduciari locali per il prossimo quadriennio"},"content":{"rendered":"\n<p>Il Delegato del CONI di Messina<strong>, Alessandro Arcigli, <\/strong>d\u2019intesa con il Comitato Regionale del<strong> CONI Sicilia, <\/strong>ha provveduto a nominare i fiduciari Locali per il quadriennio 2021\/2024.<div id=\"div-gpt-ad-Messinaoggi.it-DSK-300x250-corpoart\" style=\"text-align:center;margin:0 auto;\"><\/div><\/p>\n\n\n\n<div class=\"wp-block-image\"><figure class=\"aligncenter size-large is-resized\"><img loading=\"lazy\" src=\"https:\/\/www.messinaoggi.it\/website\/wp-content\/uploads\/2021\/05\/scolaro-nunzio-.jpeg\" alt=\"\" class=\"wp-image-63917\" width=\"580\" height=\"572\" \/><figcaption><em><strong>Nunzio Scolaro, presidente provinciale FIDAL Messina zona tirrenica<\/strong><\/em><\/figcaption><\/figure><\/div>\n\n\n\n<p><strong>Nunzio Scolaro, Presidente Provinciale della Federazione Italiana di Atletica Leggera,<\/strong> \u00e8 stato nominato per il secondo quadriennio consecutivo (2021-2024) per <strong>l\u2019intera zona tirrenica<\/strong>;<div id=\"videoincontent\" style=\"clear:both\";><\/div><\/p>\n\n\n\n<p><strong>Francesco Giorgio, Presidente Provinciale del CSEN Messina,<\/strong> \u00e8 stato nominato per il secondo quadriennio consecutivo (2021-2024) per <strong>la Citt\u00e0 di Messina<\/strong>;<\/p>\n\n\n\n<figure class=\"wp-block-image size-large\"><img loading=\"lazy\" width=\"864\" height=\"1024\" src=\"https:\/\/www.messinaoggi.it\/website\/wp-content\/uploads\/2021\/05\/Francesco-Giorgio--864x1024.jpg\" alt=\"\" class=\"wp-image-63916\" srcset=\"https:\/\/www.messinaoggi.it\/website\/wp-content\/uploads\/2021\/05\/Francesco-Giorgio--864x1024.jpg 864w, https:\/\/www.messinaoggi.it\/website\/wp-content\/uploads\/2021\/05\/Francesco-Giorgio--253x300.jpg 253w, https:\/\/www.messinaoggi.it\/website\/wp-content\/uploads\/2021\/05\/Francesco-Giorgio--768x910.jpg 768w, https:\/\/www.messinaoggi.it\/website\/wp-content\/uploads\/2021\/05\/Francesco-Giorgio-.jpg 1080w\" sizes=\"(max-width: 864px) 100vw, 864px\" \/><figcaption><em><strong>Francesco Giorgio, presidente provinciale CSEN Messina<\/strong><\/em><\/figcaption><\/figure>\n\n\n\n<p><strong>Francesco Di Bella, Dirigente della Federazione Italiana Pallacanestro,<\/strong> \u00e8 stato nominato per <strong>l\u2019intera zona ionica<\/strong>.<\/p>\n\n\n\n<p>Il Fiduciario Locale, assolve i compiti di rappresentanza del CONI sul territorio di nomina  provvedendo a curare i rapporti con tutte le Istituzioni pubbliche e private promuovendo, inoltre, le progettualit\u00e0 e coordinando il lavoro delle Federazioni olimpiche. Un impegno di assoluto impegno e grande rilevanza.<\/p>\n\n\n\n<div class=\"wp-block-image\"><figure class=\"aligncenter size-large\"><img loading=\"lazy\" width=\"769\" height=\"1024\" src=\"https:\/\/www.messinaoggi.it\/website\/wp-content\/uploads\/2021\/05\/di-bella-francesco--769x1024.jpeg\" alt=\"\" class=\"wp-image-63918\" srcset=\"https:\/\/www.messinaoggi.it\/website\/wp-content\/uploads\/2021\/05\/di-bella-francesco--769x1024.jpeg 769w, https:\/\/www.messinaoggi.it\/website\/wp-content\/uploads\/2021\/05\/di-bella-francesco--225x300.jpeg 225w, https:\/\/www.messinaoggi.it\/website\/wp-content\/uploads\/2021\/05\/di-bella-francesco--768x1023.jpeg 768w, https:\/\/www.messinaoggi.it\/website\/wp-content\/uploads\/2021\/05\/di-bella-francesco--1154x1536.jpeg 1154w, https:\/\/www.messinaoggi.it\/website\/wp-content\/uploads\/2021\/05\/di-bella-francesco-.jpeg 1538w\" sizes=\"(max-width: 769px) 100vw, 769px\" \/><figcaption><em><strong>Francesco Di Bella, Dirigente FIP Messina zona jonica<\/strong><\/em><\/figcaption><\/figure><\/div>\n\n\n\n<p><strong>Il Delegato Provinciale del CONI Alessandro Arcigli: <\/strong>\u201c<em>Considerato Il delicato ruolo da svolgere e la particolare distribuzione geografica della Provincia di Messina <\/em>&#8211;  che ricordo \u00e8 composta da 108 comuni ed ha una estensione di 3.266 km quadrati &#8211; <em>per rendere omogeneo il compito di rappresentanza e di coordinamento territoriale ho ritenuto opportuno avvalermi dei migliori dirigenti che la nostra provincia ci mette a disposizione.<\/em><\/p>\n\n\n\n<div class=\"wp-block-image\"><figure class=\"aligncenter size-large is-resized\"><img loading=\"lazy\" src=\"https:\/\/www.messinaoggi.it\/website\/wp-content\/uploads\/2021\/05\/Alessandro-Arciglitennistavolo-Paralimpico.jpg\" alt=\"\" class=\"wp-image-63915\" width=\"579\" height=\"975\" srcset=\"https:\/\/www.messinaoggi.it\/website\/wp-content\/uploads\/2021\/05\/Alessandro-Arciglitennistavolo-Paralimpico.jpg 263w, https:\/\/www.messinaoggi.it\/website\/wp-content\/uploads\/2021\/05\/Alessandro-Arciglitennistavolo-Paralimpico-178x300.jpg 178w\" sizes=\"(max-width: 579px) 100vw, 579px\" \/><figcaption><em><strong>Alessandro Arcigli, delegato CONI Messina<\/strong><\/em><\/figcaption><\/figure><\/div>\n\n\n\n<p>&#8220;<em>Avvieremo sin da subito la prima progettualit\u00e0, con l&#8217;intento di promuovere e valorizzare l&#8217;attivit\u00e0 sportiva giovanile nella fascia d&#8217;et\u00e0 che va dai 5 ai 14 anni, <\/em>&#8211; prosegue Arcigli &#8211;  <em>tramite la quale saranno organizzati percorsi educativi sportivi multidisciplinari che accompagneranno il giovane in tutto il periodo dell\u2019anno, prevedendo nella stagione invernale (settembre-giugno) il progetto \u201c<strong>Centro CONI &#8211; Orientamento e Avviamento allo Sport\u201d e gli Educamp CONI<\/strong> in quella estiva. Lo scopo sar\u00e0 quello di ampliare la base dei praticanti, di incrementare il loro bagaglio motorio, di seguirli nella ricerca e nell\u2019individuazione del proprio talento che nel futuro potrebbe riversarsi in un\u2019attivit\u00e0 di alto livello. Per raggiungere tale obiettivo il CONI si avvarr\u00e0 del coinvolgimento degli Organismi Sportivi (FSN, DSA e EPS) e delle Associazioni e Societ\u00e0 Sportive ad essi affiliate<\/em>&#8220;.<\/p>\n\n\n\n<p>&#8220;<em>Ai fini della partecipazione al Progetto Educamp CONI estate 2021<\/em> &#8211; conclude Arcigli &#8211; <em>il CONI intende ricercare le Associazioni e Societ\u00e0 Sportive Dilettantistiche (in breve, ASD\/SSD) interessate ad utilizzare il modello formativo multidisciplinare, sviluppato e fornito a titolo gratuito dal CONI e rappresentato nel \u201cFormat Educamp CONI 2021\u201d.<\/em> Ringrazio i tre Fiduciari per avere accettato l\u2019incarico ed auguro loro buono lavoro\u201d.<\/p>\n\n\n\n<p><strong>Per maggiori informazioni, visitare www.educamp.coni.it\/educamp <\/strong><\/p>\n","protected":false},"excerpt":{"rendered":"<p>Il Delegato del CONI di Messina, Alessandro Arcigli, d\u2019intesa con il Comitato Regionale del CONI Sicilia, ha provveduto a nominare i fiduciari Locali per il quadriennio 2021\/2024. Nunzio Scolaro, Presidente Provinciale della Federazione Italiana di Atletica Leggera, \u00e8 stato nominato per il secondo quadriennio consecutivo (2021-2024) per l\u2019intera zona tirrenica; Francesco Giorgio, Presidente Provinciale del [&hellip;]<\/p>\n","protected":false},"author":17,"featured_media":63920,"comment_status":"open","ping_status":"open","sticky":false,"template":"","format":"standard","meta":{"ub_ctt_via":"","_mi_skip_tracking":false},"categories":[8,9],"tags":[478,1820],"featured_image_src":"https:\/\/www.messinaoggi.it\/website\/wp-content\/uploads\/2021\/05\/Sport.jpg","author_info":{"display_name":"Giuseppe Luppino","author_link":"https:\/\/www.messinaoggi.it\/website\/author\/g-luppino\/"},"digistream_id":0,"digistream":false,"_links":{"self":[{"href":"https:\/\/www.messinaoggi.it\/website\/wp-json\/wp\/v2\/posts\/63914"}],"collection":[{"href":"https:\/\/www.messinaoggi.it\/website\/wp-json\/wp\/v2\/posts"}],"about":[{"href":"https:\/\/www.messinaoggi.it\/website\/wp-json\/wp\/v2\/types\/post"}],"author":[{"embeddable":true,"href":"https:\/\/www.messinaoggi.it\/website\/wp-json\/wp\/v2\/users\/17"}],"replies":[{"embeddable":true,"href":"https:\/\/www.messinaoggi.it\/website\/wp-json\/wp\/v2\/comments?post=63914"}],"version-history":[{"count":2,"href":"https:\/\/www.messinaoggi.it\/website\/wp-json\/wp\/v2\/posts\/63914\/revisions"}],"predecessor-version":[{"id":63927,"href":"https:\/\/www.messinaoggi.it\/website\/wp-json\/wp\/v2\/posts\/63914\/revisions\/63927"}],"wp:featuredmedia":[{"embeddable":true,"href":"https:\/\/www.messinaoggi.it\/website\/wp-json\/wp\/v2\/media\/63920"}],"wp:attachment":[{"href":"https:\/\/www.messinaoggi.it\/website\/wp-json\/wp\/v2\/media?parent=63914"}],"wp:term":[{"taxonomy":"category","embeddable":true,"href":"https:\/\/www.messinaoggi.it\/website\/wp-json\/wp\/v2\/categories?post=63914"},{"taxonomy":"post_tag","embeddable":true,"href":"https:\/\/www.messinaoggi.it\/website\/wp-json\/wp\/v2\/tags?post=63914"}],"curies":[{"name":"wp","href":"https:\/\/api.w.org\/{rel}","templated":true}]}}