{"id":6391,"date":"2017-08-13T20:42:14","date_gmt":"2017-08-13T18:42:14","guid":{"rendered":"http:\/\/www.messinaoggi.it\/website\/?p=6391"},"modified":"2017-08-13T20:42:14","modified_gmt":"2017-08-13T18:42:14","slug":"a-37-anni-claudio-cambria-ambito-da-varie-formazioni","status":"publish","type":"post","link":"https:\/\/www.messinaoggi.it\/website\/2017\/08\/13\/a-37-anni-claudio-cambria-ambito-da-varie-formazioni\/","title":{"rendered":"A 37 anni Claudio Cambr\u00eca ambito da varie formazioni"},"content":{"rendered":"<p style=\"text-align: justify\">Claudio Cambr\u00eca \u00e8 pronto a ripartire. Dopo la recente conclusione del rapporto pluriennale col Messina Sud, di cui \u00e8 stato capit\u00e0no e che anche grazie al suo contributo \u00e8 riuscito a raggiungere e mantenere la Promozione, il forte centrale difensivo classe &#8217;80 sta valutando alcune offerte provenienti da formazioni della provincia militanti nella stessa Promozione, nonch\u00e9 in Prima e Seconda Categoria. &#8220;<em>Prender\u00f2 una decisione nell&#8217;arco di qualche settimana<\/em> &#8211; spiega Cambr\u00eca <em>-. I fattori da prendere in considerazione saranno, per me, la validit\u00e0 delle proposte unitamente alla possibilit\u00e0 di conciliare il calcio con gli impegni familiari e lavorativi. Se sono dispiaciuto per la chiusura del rapporto del Messina Sud? Un po s\u00ec, \u00e8 stato un bel periodo ma, dopo l&#8217;uscita di mister Angelo Saija e di altri compagni, ritengo si sia chiuso un ciclo per cui \u00e8 arrivata l&#8217;ora di voltare pagina<\/em>&#8220;.<div id=\"div-gpt-ad-Messinaoggi.it-DSK-300x250-corpoart\" style=\"text-align:center;margin:0 auto;\"><\/div><\/p>\n<p style=\"text-align: justify\">Il fatto che, a dispetto dei 37 anni compiuti lo scorso 16 aprile, il buon Cambr\u00eca abbia ancora diversi estimatori come giocatore significa che gli addetti ai lavori credono sempre nelle sue qualit\u00e0 ritenendolo ancora in grado di fare la differenza. Oltre all&#8217;integrit\u00e0 fisica ed al mestiere ed esperienza come regista difensivo, nell&#8217;arco della sua carriera Claudio ha fatto la differenza anche per una buona cifra realizzativa, specialmente negli anni d&#8217;oro del Garden Sport di Nello Basile, grazie al &#8220;piede caldo&#8221; in grado di disegnare tiri da fermo tanto potenti quanto precisi. Non a caso \u00e8 stato soprannominato &#8220;Sinisa&#8221;, dal nome dell&#8217;attuale allenatore serbo del Torino che da giocatore era un autentico specialista sui calci di punizione ed al quale Cambr\u00eca non ha mai nascosto d&#8217;ispirarsi.<div id=\"videoincontent\" style=\"clear:both\";><\/div><\/p>\n<p><strong>Nella Foto Claudio Cambr\u00eca (scatto di Roberto Santoro)<\/strong><\/p>\n","protected":false},"excerpt":{"rendered":"<p>Claudio Cambr\u00eca \u00e8 pronto a ripartire. Dopo la recente conclusione del rapporto pluriennale col Messina Sud, di cui \u00e8 stato capit\u00e0no e che anche grazie al suo contributo \u00e8 riuscito a raggiungere e mantenere la Promozione, il forte centrale difensivo classe &#8217;80 sta valutando alcune offerte provenienti da formazioni della provincia militanti nella stessa Promozione, [&hellip;]<\/p>\n","protected":false},"author":9,"featured_media":6392,"comment_status":"closed","ping_status":"open","sticky":false,"template":"","format":"standard","meta":{"ub_ctt_via":"","_mi_skip_tracking":false},"categories":[10,9],"tags":[],"featured_image_src":"https:\/\/www.messinaoggi.it\/website\/wp-content\/uploads\/2017\/08\/Cambria-Claudio-2.jpg","author_info":{"display_name":"Roberto Santoro","author_link":"https:\/\/www.messinaoggi.it\/website\/author\/r-santoro\/"},"digistream_id":0,"digistream":false,"_links":{"self":[{"href":"https:\/\/www.messinaoggi.it\/website\/wp-json\/wp\/v2\/posts\/6391"}],"collection":[{"href":"https:\/\/www.messinaoggi.it\/website\/wp-json\/wp\/v2\/posts"}],"about":[{"href":"https:\/\/www.messinaoggi.it\/website\/wp-json\/wp\/v2\/types\/post"}],"author":[{"embeddable":true,"href":"https:\/\/www.messinaoggi.it\/website\/wp-json\/wp\/v2\/users\/9"}],"replies":[{"embeddable":true,"href":"https:\/\/www.messinaoggi.it\/website\/wp-json\/wp\/v2\/comments?post=6391"}],"version-history":[{"count":0,"href":"https:\/\/www.messinaoggi.it\/website\/wp-json\/wp\/v2\/posts\/6391\/revisions"}],"wp:featuredmedia":[{"embeddable":true,"href":"https:\/\/www.messinaoggi.it\/website\/wp-json\/wp\/v2\/media\/6392"}],"wp:attachment":[{"href":"https:\/\/www.messinaoggi.it\/website\/wp-json\/wp\/v2\/media?parent=6391"}],"wp:term":[{"taxonomy":"category","embeddable":true,"href":"https:\/\/www.messinaoggi.it\/website\/wp-json\/wp\/v2\/categories?post=6391"},{"taxonomy":"post_tag","embeddable":true,"href":"https:\/\/www.messinaoggi.it\/website\/wp-json\/wp\/v2\/tags?post=6391"}],"curies":[{"name":"wp","href":"https:\/\/api.w.org\/{rel}","templated":true}]}}