{"id":63820,"date":"2021-05-11T15:48:26","date_gmt":"2021-05-11T13:48:26","guid":{"rendered":"http:\/\/www.messinaoggi.it\/website\/?p=63820"},"modified":"2021-05-11T16:19:22","modified_gmt":"2021-05-11T14:19:22","slug":"marevivo-e-la-biodiversita-del-mediterraneo","status":"publish","type":"post","link":"https:\/\/www.messinaoggi.it\/website\/2021\/05\/11\/marevivo-e-la-biodiversita-del-mediterraneo\/","title":{"rendered":"Marevivo e la biodiversit\u00e0 del Mediterraneo"},"content":{"rendered":"\n<p>Un nuovo modo di conoscere e tutelare la biodiversit\u00e0 del Mediterraneo, una proposta di turismo responsabile dedicata a giovani amanti del mare, che si pone come momento formativo, di sensibilizzazione e di partecipazione con le comunit\u00e0 locali.<br>Un\u2019immersione nel Mediterraneo attraverso una proposta di turismo sostenibile, dedicata ai giovani tra i 18 e i 30 anni, che ha l\u2019obiettivo di far conoscere un territorio ricco di natura, storia e cultura e allo stesso tempo di acquisire informazioni e metodi tecnico\/scientifici sulla tutela ambientale, in un percorso di formazione individuale e sociale.<br>Si \u00e8 scelta la Sicilia come prima edizione, per l\u2019estate 2021 le Vacanze Blu con Marevivo fanno tappa a Finale di Pollina, localit\u00e0 a pochi chilometri da Cefal\u00f9, un comune che offre varie possibilit\u00e0 di esplorare ambienti marini e terrestri, aree ad alto valore naturalistico, storico e antropologico, nel territorio del Parco delle Madonie.<br>\u201cL\u2019idea di proporre ai giovani questo tipo di esperienze\u201d dice Lucia Vitale, operatrice di Marevivo Onlus che accompagner\u00e0 i ragazzi in questo percorso, \u201cnasce dalla voglia di far conoscere ed apprezzare un territorio che pu\u00f2 offrire molto ma che ancora non \u00e8 adeguatamente valorizzato e protetto ma soprattutto dal desiderio di trasmettere saperi e conoscenze alle nuove generazioni per motivarli nella ricerca di uno stile di vita sostenibile e consapevole, fornendo loro gli strumenti e le motivazioni per diventare protagonisti del cambiamento che tutti ci auguriamo.\u201d<div id=\"div-gpt-ad-Messinaoggi.it-DSK-300x250-corpoart\" style=\"text-align:center;margin:0 auto;\"><\/div><\/p>\n\n\n\n<p>Vacanze Blu nascono dalla collaborazione tra l\u2019associazione ambientalista Marevivo Onlus e la cooperativa e tour operator di turismo responsabile Palma Nana, per offrire ai giovani partecipanti di sperimentare una vacanza diversa, dove si collabora e ci si confronta con persone che condividono lo stesso interesse e amore per la natura, dove, attraverso il piacere della scoperta, si diventa viaggiatori curiosi e rispettosi, dove si ha l\u2019opportunit\u00e0 di imparare attraverso emozioni e sensazioni, dove si conosce chi vive nel territorio, le loro storie e il loro vissuto, dove si possono fare esperienze di crescita non solo culturale ma soprattutto di consapevolezza del nostro ruolo e delle nostre responsabilit\u00e0 come esseri viventi e come parte di una societ\u00e0. L\u2019iniziativa supporta la Campagna di Marevivo \u201cAdotta una spiaggia\u201d: durante la settimana i partecipanti coinvolgeranno la comunit\u00e0 locale in attivit\u00e0 di pulizia e monitoraggio della spiaggia di Finale di Pollina, selezionata tra le spiagge della Campagna, ma anche attivit\u00e0 didattiche\/educative, finalizzate allo studio delle caratteristiche ambientali di quel tratto di costa, per tutelarla e valorizzarla, in collaborazione con enti e le istituzioni locali. Il progetto coinvolge inoltre il Comune di Pollina che supporter\u00e0 le attivit\u00e0 mettendo a disposizione servizi e mezzi oltre a patrocinare l&#8217;iniziativa, insieme al Parco delle Madonie e alla Guardia Costiera.<div id=\"videoincontent\" style=\"clear:both\";><\/div><\/p>\n","protected":false},"excerpt":{"rendered":"<p>Un nuovo modo di conoscere e tutelare la biodiversit\u00e0 del Mediterraneo, una proposta di turismo responsabile dedicata a giovani amanti del mare, che si pone come momento formativo, di sensibilizzazione e di partecipazione con le comunit\u00e0 locali.Un\u2019immersione nel Mediterraneo attraverso una proposta di turismo sostenibile, dedicata ai giovani tra i 18 e i 30 anni, [&hellip;]<\/p>\n","protected":false},"author":4,"featured_media":57546,"comment_status":"open","ping_status":"open","sticky":false,"template":"","format":"standard","meta":{"ub_ctt_via":"","_mi_skip_tracking":false},"categories":[5],"tags":[],"featured_image_src":"https:\/\/www.messinaoggi.it\/website\/wp-content\/uploads\/2021\/03\/torre-faro-pilone-mare-dallalto-8.jpg","author_info":{"display_name":"redme","author_link":"https:\/\/www.messinaoggi.it\/website\/author\/redme\/"},"digistream_id":0,"digistream":false,"_links":{"self":[{"href":"https:\/\/www.messinaoggi.it\/website\/wp-json\/wp\/v2\/posts\/63820"}],"collection":[{"href":"https:\/\/www.messinaoggi.it\/website\/wp-json\/wp\/v2\/posts"}],"about":[{"href":"https:\/\/www.messinaoggi.it\/website\/wp-json\/wp\/v2\/types\/post"}],"author":[{"embeddable":true,"href":"https:\/\/www.messinaoggi.it\/website\/wp-json\/wp\/v2\/users\/4"}],"replies":[{"embeddable":true,"href":"https:\/\/www.messinaoggi.it\/website\/wp-json\/wp\/v2\/comments?post=63820"}],"version-history":[{"count":2,"href":"https:\/\/www.messinaoggi.it\/website\/wp-json\/wp\/v2\/posts\/63820\/revisions"}],"predecessor-version":[{"id":63832,"href":"https:\/\/www.messinaoggi.it\/website\/wp-json\/wp\/v2\/posts\/63820\/revisions\/63832"}],"wp:featuredmedia":[{"embeddable":true,"href":"https:\/\/www.messinaoggi.it\/website\/wp-json\/wp\/v2\/media\/57546"}],"wp:attachment":[{"href":"https:\/\/www.messinaoggi.it\/website\/wp-json\/wp\/v2\/media?parent=63820"}],"wp:term":[{"taxonomy":"category","embeddable":true,"href":"https:\/\/www.messinaoggi.it\/website\/wp-json\/wp\/v2\/categories?post=63820"},{"taxonomy":"post_tag","embeddable":true,"href":"https:\/\/www.messinaoggi.it\/website\/wp-json\/wp\/v2\/tags?post=63820"}],"curies":[{"name":"wp","href":"https:\/\/api.w.org\/{rel}","templated":true}]}}