{"id":63772,"date":"2021-05-11T13:07:42","date_gmt":"2021-05-11T11:07:42","guid":{"rendered":"https:\/\/www.messinaoggi.it\/website\/2021\/05\/11\/pioli-milan-forte-a-maturo-concentrati-sul-toro\/"},"modified":"2021-05-11T13:29:32","modified_gmt":"2021-05-11T11:29:32","slug":"pioli-milan-forte-e-maturo-concentrati-sul-toro","status":"publish","type":"post","link":"https:\/\/www.messinaoggi.it\/website\/2021\/05\/11\/pioli-milan-forte-e-maturo-concentrati-sul-toro\/","title":{"rendered":"Pioli \u201cMilan forte e maturo, concentrati sul Toro\u201d"},"content":{"rendered":"<div>MILANO (ITALPRESS) &#8211; &#8220;Credo che una delle nostre qualit\u00e0 per tutta la stagione sia stata l&#8217;equilibrio: come non ci siamo demoralizzati o abbattuti dopo una sconfitta pesante come quella con la Lazio, abbiamo gioito per la vittoria sulla Juve, ma dal giorno dopo ci siamo concentrati sulla partita con il Torino, per noi difficile e importante come lo sono tutte quelle che ci devono portare a raggiungere l&#8217;obiettivo&#8221;. Cos\u00ec il tecnico del Milan, Stefano Pioli, alla vigilia del match di domani in casa del Torino che arriva tre giorni dopo il successo in casa della Juventus. Domenica sera c&#8217;era Ibra al centro dell&#8217;attacco, domani non ci sar\u00e0. &#8220;L&#8217;infortunio di Ibra \u00e8 stata la nota stonata in una serata quasi perfetta, ha rimediato una distorsione al ginocchio, non sar\u00e0 disponibile domani e domenica, vedremo la settimana prossima come star\u00e0&#8221;, ma al di l\u00e0 delle condizioni dello svedese, Pioli sa bene cosa deve fare il suo Milan. &#8220;Dobbiamo mettere in campo la stessa attenzione e determinazione, la volont\u00e0 di non dare punti di riferimento, serve la stessa prestazione di domenica contro la Juve, lo stesso spirito perch\u00e8 siamo in un momento decisivo&#8221;, dice Pioli. Che poi aggiunge: &#8220;Normale ci sia soddisfazione e gratificazione, abbiamo vinto contro un avversario storico e molto forte con il quale abbiamo sempre avuto difficolt\u00e0, abbiamo vinto nettamente e sono successi che ti danno consapevolezza e fiducia. Credo sia giusto festeggiare, ma sappiamo che non abbiamo ancora fatto nulla, mancano 9 punti. Dovremo essere forti come lo siamo stati contro la Juve, siamo stati squadra e abbiamo superato le difficolt\u00e0 vincendo la partita. Abbiamo avuto una grande reazione dopo il rigore fallito da Kessie, dalla panchina ho avuto la sensazione di vedere in campo una squadra forte, tranquilla, \u00e8 stata una bella risposta e dobbiamo proseguire cos\u00ec&#8221;. Con i bianconeri Pioli si \u00e8 affidato dal primo minuto a Brahim Diaz che poi si \u00e8 rivelato decisivo, una mossa a sorpresa che ha dato i suoi frutti. &#8220;Quando avr\u00f2 la paura di rischiare non potr\u00f2 essere pi\u00f9 un leader&#8221;, dice Pioli citando Nelson Mandela.<br \/>(ITALPRESS).<\/div>\n<div id=\"div-gpt-ad-Messinaoggi.it-DSK-300x250-corpoart\" style=\"text-align:center;margin:0 auto;\"><\/div><\/p><div id=\"videoincontent\" style=\"clear:both\";><\/div>","protected":false},"excerpt":{"rendered":"<p>MILANO (ITALPRESS) &#8211; &#8220;Credo che una delle nostre qualit\u00e0 per tutta la stagione sia stata l&#8217;equilibrio: come non ci siamo demoralizzati o abbattuti dopo una sconfitta pesante come quella con la Lazio, abbiamo gioito per la vittoria sulla Juve, ma dal giorno dopo ci siamo concentrati sulla partita con il Torino, per noi difficile e [&hellip;]<\/p>\n","protected":false},"author":18,"featured_media":63773,"comment_status":"closed","ping_status":"closed","sticky":false,"template":"","format":"standard","meta":{"ub_ctt_via":"","_mi_skip_tracking":false},"categories":[10,446,9],"tags":[783],"featured_image_src":"https:\/\/www.messinaoggi.it\/website\/wp-content\/uploads\/2021\/05\/20210511_0689.jpg","author_info":{"display_name":"Admin","author_link":"https:\/\/www.messinaoggi.it\/website\/author\/admin\/"},"digistream_id":0,"digistream":false,"_links":{"self":[{"href":"https:\/\/www.messinaoggi.it\/website\/wp-json\/wp\/v2\/posts\/63772"}],"collection":[{"href":"https:\/\/www.messinaoggi.it\/website\/wp-json\/wp\/v2\/posts"}],"about":[{"href":"https:\/\/www.messinaoggi.it\/website\/wp-json\/wp\/v2\/types\/post"}],"author":[{"embeddable":true,"href":"https:\/\/www.messinaoggi.it\/website\/wp-json\/wp\/v2\/users\/18"}],"replies":[{"embeddable":true,"href":"https:\/\/www.messinaoggi.it\/website\/wp-json\/wp\/v2\/comments?post=63772"}],"version-history":[{"count":1,"href":"https:\/\/www.messinaoggi.it\/website\/wp-json\/wp\/v2\/posts\/63772\/revisions"}],"predecessor-version":[{"id":63779,"href":"https:\/\/www.messinaoggi.it\/website\/wp-json\/wp\/v2\/posts\/63772\/revisions\/63779"}],"wp:featuredmedia":[{"embeddable":true,"href":"https:\/\/www.messinaoggi.it\/website\/wp-json\/wp\/v2\/media\/63773"}],"wp:attachment":[{"href":"https:\/\/www.messinaoggi.it\/website\/wp-json\/wp\/v2\/media?parent=63772"}],"wp:term":[{"taxonomy":"category","embeddable":true,"href":"https:\/\/www.messinaoggi.it\/website\/wp-json\/wp\/v2\/categories?post=63772"},{"taxonomy":"post_tag","embeddable":true,"href":"https:\/\/www.messinaoggi.it\/website\/wp-json\/wp\/v2\/tags?post=63772"}],"curies":[{"name":"wp","href":"https:\/\/api.w.org\/{rel}","templated":true}]}}