{"id":63594,"date":"2021-05-10T10:38:13","date_gmt":"2021-05-10T08:38:13","guid":{"rendered":"http:\/\/www.messinaoggi.it\/website\/?p=63594"},"modified":"2021-05-10T10:38:18","modified_gmt":"2021-05-10T08:38:18","slug":"spiagge-la-v-piu-bagnini-per-renderle-sicure","status":"publish","type":"post","link":"https:\/\/www.messinaoggi.it\/website\/2021\/05\/10\/spiagge-la-v-piu-bagnini-per-renderle-sicure\/","title":{"rendered":"Spiagge, la V: &#8220;Pi\u00f9 bagnini per renderle sicure&#8221;"},"content":{"rendered":"\n<p>\u201cSiamo ormai prossimi all&#8217;avvio della stagione estiva 2021, ed il fine \u00e8 quello di rendere pi\u00f9 sicure le nostre spiagge pubbliche, attraverso la sorveglianza di assistenti bagnanti presenti sui litorali, con torrette di avvistamento, imbarcazione di salvataggio, kit primo soccorso e tutti i materiali annessi al tipo di attivit\u00e0\u201d. <div id=\"div-gpt-ad-Messinaoggi.it-DSK-300x250-corpoart\" style=\"text-align:center;margin:0 auto;\"><\/div><\/p>\n\n\n\n<p>Cos\u00ec il consigliere della V Municipalit\u00e0 Franco Laimo, rendendo noto la proposta avanzata dal collega Lelio Fama e discussa durante i lavori della II Commissione consiliare della V Municipalit\u00e0 (Politiche del Mare e beni demaniali marittimi). La seduta, presieduta dallo stesso Laimo, si \u00e8 tenuta mercoled\u00ec scorso.<div id=\"videoincontent\" style=\"clear:both\";><\/div><\/p>\n\n\n\n<p>&#8220;Sarebbe un servizio che mira a salvaguardare l&#8217;incolumit\u00e0 dei bagnanti tutelando la salute degli stessi fruitori delle spiagge libere. &#8211; spiega Laimo &#8211; Un&#8217;iniziativa gi\u00e0 intrapresa da diversi comuni dello stivale, ben vista anche dalle Capitanerie di Porto<\/p>\n\n\n\n<p><strong>Non solo bagnini. <\/strong>Durante la seduta, si \u00e8 anche discusso della possibilit\u00e0 di installare passerelle per soggetti con disabilit\u00e0, docce pubbliche e cestini con annessa raccolta differenziata.<\/p>\n","protected":false},"excerpt":{"rendered":"<p>\u201cSiamo ormai prossimi all&#8217;avvio della stagione estiva 2021, ed il fine \u00e8 quello di rendere pi\u00f9 sicure le nostre spiagge pubbliche, attraverso la sorveglianza di assistenti bagnanti presenti sui litorali, con torrette di avvistamento, imbarcazione di salvataggio, kit primo soccorso e tutti i materiali annessi al tipo di attivit\u00e0\u201d. Cos\u00ec il consigliere della V Municipalit\u00e0 [&hellip;]<\/p>\n","protected":false},"author":8,"featured_media":63596,"comment_status":"open","ping_status":"open","sticky":false,"template":"","format":"standard","meta":{"ub_ctt_via":"","_mi_skip_tracking":false},"categories":[4],"tags":[999],"featured_image_src":"https:\/\/www.messinaoggi.it\/website\/wp-content\/uploads\/2021\/05\/bagnino.jpg","author_info":{"display_name":"red..me","author_link":"https:\/\/www.messinaoggi.it\/website\/author\/redstage\/"},"digistream_id":0,"digistream":false,"_links":{"self":[{"href":"https:\/\/www.messinaoggi.it\/website\/wp-json\/wp\/v2\/posts\/63594"}],"collection":[{"href":"https:\/\/www.messinaoggi.it\/website\/wp-json\/wp\/v2\/posts"}],"about":[{"href":"https:\/\/www.messinaoggi.it\/website\/wp-json\/wp\/v2\/types\/post"}],"author":[{"embeddable":true,"href":"https:\/\/www.messinaoggi.it\/website\/wp-json\/wp\/v2\/users\/8"}],"replies":[{"embeddable":true,"href":"https:\/\/www.messinaoggi.it\/website\/wp-json\/wp\/v2\/comments?post=63594"}],"version-history":[{"count":1,"href":"https:\/\/www.messinaoggi.it\/website\/wp-json\/wp\/v2\/posts\/63594\/revisions"}],"predecessor-version":[{"id":63597,"href":"https:\/\/www.messinaoggi.it\/website\/wp-json\/wp\/v2\/posts\/63594\/revisions\/63597"}],"wp:featuredmedia":[{"embeddable":true,"href":"https:\/\/www.messinaoggi.it\/website\/wp-json\/wp\/v2\/media\/63596"}],"wp:attachment":[{"href":"https:\/\/www.messinaoggi.it\/website\/wp-json\/wp\/v2\/media?parent=63594"}],"wp:term":[{"taxonomy":"category","embeddable":true,"href":"https:\/\/www.messinaoggi.it\/website\/wp-json\/wp\/v2\/categories?post=63594"},{"taxonomy":"post_tag","embeddable":true,"href":"https:\/\/www.messinaoggi.it\/website\/wp-json\/wp\/v2\/tags?post=63594"}],"curies":[{"name":"wp","href":"https:\/\/api.w.org\/{rel}","templated":true}]}}