{"id":63367,"date":"2021-05-08T16:07:43","date_gmt":"2021-05-08T14:07:43","guid":{"rendered":"https:\/\/www.messinaoggi.it\/website\/2021\/05\/08\/pirlo-col-milan-una-partita-aperta-concentrati-sul-campo\/"},"modified":"2021-05-08T17:42:21","modified_gmt":"2021-05-08T15:42:21","slug":"pirlo-col-milan-una-partita-aperta-concentrati-sul-campo","status":"publish","type":"post","link":"https:\/\/www.messinaoggi.it\/website\/2021\/05\/08\/pirlo-col-milan-una-partita-aperta-concentrati-sul-campo\/","title":{"rendered":"Pirlo \u201cCol Milan una partita aperta, concentrati sul campo\u201d"},"content":{"rendered":"<div>TORINO (ITALPRESS) &#8211; &#8220;Sar\u00e0 una partita aperta, siamo due squadre a cui piace attaccare, pressare alti, non credo ci sar\u00e0 tanto tatticismo. Tutte e due le squadre hanno voglia di imporre, di attaccare, penso che sar\u00e0 una bella partita&#8221;. Andrea Pirlo non si aspetta una sfida bloccata domani sera all&#8217;Allianz Stadium contro il Milan, sebbene la posta in palio sia alta visto che entrambe le formazioni sono in piena corsa per un posto in Champions. Qualificazione che alla Juve per\u00f2 potrebbe essere sottratta dalla Uefa per la questione Superlega. &#8220;Il nostro obiettivo \u00e8 guadagnarci sul campo la qualificazione in Champions, abbiamo solo questo in testa &#8211; ribatte Pirlo &#8211; Non guardiamo al di fuori del rettangolo di gioco, siamo concentrati su quello che dobbiamo fare in campo&#8221;. Anche per questo &#8220;non \u00e8 il momento di parlare di bilanci, futuro o programmazione, \u00e8 il momento del fare. Abbiamo davanti delle partite importanti, il nostro obiettivo \u00e8 stare concentrati sulle partite che dobbiamo giocare, i bilanci si faranno pi\u00f9 avanti&#8221;. La vittoria in rimonta di Udine dar\u00e0 una bella spinta ai bianconeri: quell&#8217;abbraccio finale dopo il 2-1 dimostra che &#8220;siamo tutti concentrati e coesi, \u00e8 stato importante per quello che stiamo cercando ed \u00e8 stato importante che sia stato Cristiano il simbolo di questa rincorsa perch\u00e8 dopo le critiche ricevute ha risposto sul campo. Il gruppo \u00e8 coeso per l&#8217;obiettivo&#8221;. E a proposito di Ronaldo e della sfida di domani contro Ibrahimovic, nonostante l&#8217;et\u00e0 &#8220;risultano essere ancora i migliori. Cristiano \u00e8 capocannoniere e Ibra sta dando grande apporto alla sua squadra. Non so se sia un problema per il calcio italiano, di sicuro non lo \u00e8 per le squadre in cui giocano, sono dei valori aggiunti&#8221;. Su Donnarumma infine, in scadenza coi rossoneri e accostato proprio alla Juve, Pirlo taglia corto: &#8220;\u00e8 un giocatore del Milan, sono problemi loro. E&#8217; uno dei primi 5 portieri al mondo e un professionista esemplare&#8221;. <br \/>(ITALPRESS).<\/div>\n<div id=\"div-gpt-ad-Messinaoggi.it-DSK-300x250-corpoart\" style=\"text-align:center;margin:0 auto;\"><\/div><\/p><div id=\"videoincontent\" style=\"clear:both\";><\/div>","protected":false},"excerpt":{"rendered":"<p>TORINO (ITALPRESS) &#8211; &#8220;Sar\u00e0 una partita aperta, siamo due squadre a cui piace attaccare, pressare alti, non credo ci sar\u00e0 tanto tatticismo. Tutte e due le squadre hanno voglia di imporre, di attaccare, penso che sar\u00e0 una bella partita&#8221;. Andrea Pirlo non si aspetta una sfida bloccata domani sera all&#8217;Allianz Stadium contro il Milan, sebbene [&hellip;]<\/p>\n","protected":false},"author":18,"featured_media":63368,"comment_status":"closed","ping_status":"closed","sticky":false,"template":"","format":"standard","meta":{"ub_ctt_via":"","_mi_skip_tracking":false},"categories":[10,446,9],"tags":[783],"featured_image_src":"https:\/\/www.messinaoggi.it\/website\/wp-content\/uploads\/2021\/05\/20210508_1534.jpg","author_info":{"display_name":"Admin","author_link":"https:\/\/www.messinaoggi.it\/website\/author\/admin\/"},"digistream_id":0,"digistream":false,"_links":{"self":[{"href":"https:\/\/www.messinaoggi.it\/website\/wp-json\/wp\/v2\/posts\/63367"}],"collection":[{"href":"https:\/\/www.messinaoggi.it\/website\/wp-json\/wp\/v2\/posts"}],"about":[{"href":"https:\/\/www.messinaoggi.it\/website\/wp-json\/wp\/v2\/types\/post"}],"author":[{"embeddable":true,"href":"https:\/\/www.messinaoggi.it\/website\/wp-json\/wp\/v2\/users\/18"}],"replies":[{"embeddable":true,"href":"https:\/\/www.messinaoggi.it\/website\/wp-json\/wp\/v2\/comments?post=63367"}],"version-history":[{"count":1,"href":"https:\/\/www.messinaoggi.it\/website\/wp-json\/wp\/v2\/posts\/63367\/revisions"}],"predecessor-version":[{"id":63402,"href":"https:\/\/www.messinaoggi.it\/website\/wp-json\/wp\/v2\/posts\/63367\/revisions\/63402"}],"wp:featuredmedia":[{"embeddable":true,"href":"https:\/\/www.messinaoggi.it\/website\/wp-json\/wp\/v2\/media\/63368"}],"wp:attachment":[{"href":"https:\/\/www.messinaoggi.it\/website\/wp-json\/wp\/v2\/media?parent=63367"}],"wp:term":[{"taxonomy":"category","embeddable":true,"href":"https:\/\/www.messinaoggi.it\/website\/wp-json\/wp\/v2\/categories?post=63367"},{"taxonomy":"post_tag","embeddable":true,"href":"https:\/\/www.messinaoggi.it\/website\/wp-json\/wp\/v2\/tags?post=63367"}],"curies":[{"name":"wp","href":"https:\/\/api.w.org\/{rel}","templated":true}]}}