{"id":63338,"date":"2021-05-08T09:40:22","date_gmt":"2021-05-08T07:40:22","guid":{"rendered":"http:\/\/www.messinaoggi.it\/website\/?p=63338"},"modified":"2021-05-08T09:40:26","modified_gmt":"2021-05-08T07:40:26","slug":"progetto-autismo-0-90-quasi-27-mila-firme-contro-la-chiusura","status":"publish","type":"post","link":"https:\/\/www.messinaoggi.it\/website\/2021\/05\/08\/progetto-autismo-0-90-quasi-27-mila-firme-contro-la-chiusura\/","title":{"rendered":"Progetto &#8220;Autismo 0-90&#8221;: quasi 27 mila firme contro la chiusura"},"content":{"rendered":"\n<p>Si \u00e8 conclusa con successo la raccolta firme &#8211; proposta dall\u2019Associazione Nati Per La Vita Onlus, dall\u2019associazione Il Volo e da Carpe Diem &#8211; contro la chiusura del progetto riabilitativo &#8220;Autismo 0-90&#8221;, attivo al Policlinico di Messina. Sono state raccolte, infatti, ben 26.937 firme.<div id=\"div-gpt-ad-Messinaoggi.it-DSK-300x250-corpoart\" style=\"text-align:center;margin:0 auto;\"><\/div><\/p>\n\n\n\n<p>&#8220;Ringraziamo tutti coloro che, firmando, ci hanno dato forza per arrivare fino alla fine, raggiungendo il risultato sperato&#8221;, dichiarano le associazioni di familiari di Messina.<div id=\"videoincontent\" style=\"clear:both\";><\/div><\/p>\n\n\n\n<p>&#8220;Gli incontri sono stati tanti e sono stati utili per trovare la soluzione giusta per la prosecuzione delle terapie ai nostri figli   fino al termine programmato del progetto di clinica del Prof. Antonio Persico. &#8211; proseguono le associazioni &#8211; E\u2019 doveroso ringraziare chi ha permesso tutto questo. In primis l\u2019onorevole Giuseppe Laccoto per l\u2019interrogazione parlamentare fatta alla regione Sicilia, gli onorevoli Valentina Zafarana e Antonio De Luca per il loro interessamento e costante supporto, l\u2019onorevole Elvira Amata. Ringraziamo in maniera particolare il presidente del Consiglio comunale Claudio Cardile che ha combattuto costantemente al nostro fianco fino alla soluzione finale. Fortunatamente i nostri interlocutori sono stati sempre ricettivi nel ricercare le migliori soluzioni per portare al termine il progetto di questi nove bambini.<\/p>\n\n\n\n<p>&#8220;Ringraziamo infine i vertici dell\u2019Asp e del dipartimento di Salute mentale, il rettore Salvatore Cuzzocrea e il commissario straordinario del Policlinico Giampiero Bonaccorsi. Si far\u00e0 carico l\u2019Asp per il pagamento dei contratti delle terapiste fino al compimento del progetto che terminer\u00e0 ad ottobre. <\/p>\n\n\n\n<p>&#8220;Accogliamo con interesse quanto dichiarato sulla stampa dall\u2019onorevole Elvira Amata, componente della Commissione Sanit\u00e0, anticipando quanto si \u00e8 probabilmente discusso o si discuter\u00e0 in commissione sanit\u00e0 riguardo il sistema di fare terapie e la programmazione di centri di eccellenza, come lo \u00e8 stato fino ad ora il Policlinico con i progetti che si sono succeduti: Progetto Prima Pietra  e \u201cProgramma Interdipartimentale Autismo 0-90\u201d tutti Basati su terapie altamente professionali  come Aba e ESDM, erogate da  terapiste con Certificazione internazionale rilasciate dal MIND Institute di San Diego (Sally Rogers) e dalla Universit\u00e0 del Michigan.<\/p>\n\n\n\n<p>&#8220;Ci auguriamo che questo sia il modello che si prevede di adottare nella nostra citt\u00e0 programmando di abbandonare il modello fin qui adottato delle terapie Ambulatoriali in convenzione&#8221;.<\/p>\n","protected":false},"excerpt":{"rendered":"<p>Si \u00e8 conclusa con successo la raccolta firme &#8211; proposta dall\u2019Associazione Nati Per La Vita Onlus, dall\u2019associazione Il Volo e da Carpe Diem &#8211; contro la chiusura del progetto riabilitativo &#8220;Autismo 0-90&#8221;, attivo al Policlinico di Messina. Sono state raccolte, infatti, ben 26.937 firme. &#8220;Ringraziamo tutti coloro che, firmando, ci hanno dato forza per arrivare [&hellip;]<\/p>\n","protected":false},"author":8,"featured_media":42542,"comment_status":"open","ping_status":"open","sticky":false,"template":"","format":"standard","meta":{"ub_ctt_via":"","_mi_skip_tracking":false},"categories":[5],"tags":[810,556,1761],"featured_image_src":"https:\/\/www.messinaoggi.it\/website\/wp-content\/uploads\/2020\/04\/Policlinico-di-Messina.jpg","author_info":{"display_name":"red..me","author_link":"https:\/\/www.messinaoggi.it\/website\/author\/redstage\/"},"digistream_id":0,"digistream":false,"_links":{"self":[{"href":"https:\/\/www.messinaoggi.it\/website\/wp-json\/wp\/v2\/posts\/63338"}],"collection":[{"href":"https:\/\/www.messinaoggi.it\/website\/wp-json\/wp\/v2\/posts"}],"about":[{"href":"https:\/\/www.messinaoggi.it\/website\/wp-json\/wp\/v2\/types\/post"}],"author":[{"embeddable":true,"href":"https:\/\/www.messinaoggi.it\/website\/wp-json\/wp\/v2\/users\/8"}],"replies":[{"embeddable":true,"href":"https:\/\/www.messinaoggi.it\/website\/wp-json\/wp\/v2\/comments?post=63338"}],"version-history":[{"count":1,"href":"https:\/\/www.messinaoggi.it\/website\/wp-json\/wp\/v2\/posts\/63338\/revisions"}],"predecessor-version":[{"id":63339,"href":"https:\/\/www.messinaoggi.it\/website\/wp-json\/wp\/v2\/posts\/63338\/revisions\/63339"}],"wp:featuredmedia":[{"embeddable":true,"href":"https:\/\/www.messinaoggi.it\/website\/wp-json\/wp\/v2\/media\/42542"}],"wp:attachment":[{"href":"https:\/\/www.messinaoggi.it\/website\/wp-json\/wp\/v2\/media?parent=63338"}],"wp:term":[{"taxonomy":"category","embeddable":true,"href":"https:\/\/www.messinaoggi.it\/website\/wp-json\/wp\/v2\/categories?post=63338"},{"taxonomy":"post_tag","embeddable":true,"href":"https:\/\/www.messinaoggi.it\/website\/wp-json\/wp\/v2\/tags?post=63338"}],"curies":[{"name":"wp","href":"https:\/\/api.w.org\/{rel}","templated":true}]}}