{"id":6330,"date":"2017-08-12T10:55:16","date_gmt":"2017-08-12T08:55:16","guid":{"rendered":"http:\/\/www.messinaoggi.it\/website\/?p=6330"},"modified":"2017-08-12T10:55:16","modified_gmt":"2017-08-12T08:55:16","slug":"la-giornata-di-ferragosto-il-programma-degli-eventi","status":"publish","type":"post","link":"https:\/\/www.messinaoggi.it\/website\/2017\/08\/12\/la-giornata-di-ferragosto-il-programma-degli-eventi\/","title":{"rendered":"La giornata di Ferragosto: il programma degli eventi"},"content":{"rendered":"<p class=\"p1\"><span class=\"s1\">La giornata di Ferragosto, festa dell\u2019Assunta, marted\u00ec 15, si aprir\u00e0 alle ore 7.30, con il montaggio delle gomene al Cippo della Vara; alle 9, saranno sparati i colpi di cannone presso la stele della Madonna della Lettera; alle 11, sar\u00e0 celebrato il solenne pontificale presieduto dall\u2019arcivescovo Mons. Giovanni Accolla; alle 18.30, la Vara partir\u00e0 da piazza Castronovo e lungo il percorso la machina votiva far\u00e0 una sosta lungo il viale Boccetta per la preghiera alla patrona della Citt\u00e0, ed un\u2019altra al Palazzo Arcivescovile prima della tradizionale \u201cgirata\u201d, per l\u2019arrivo a piazza Duomo, dove sar\u00e0 accolta da S.E. Accolla. In considerazione dell\u2019elevato numero di fedeli che confluiranno in citt\u00e0 per assistere alla processione, saranno allestite postazioni sanitarie presidiate con l\u2019ausilio delle ambulanze messe a disposizione dalla CRI, Misericordie Messina, Nova Militia Christi, Pegaso, Abz Stretto, San Camillo. Al Palacultura \u201cAntonello da Messina\u201d sar\u00e0 allestito il Posto Medico Avanzato (PMA) a cura delle Misericordie. Inoltre saranno presenti squadre di soccorritori appiedati facenti parte del supporto sanitario delle associazioni della Consulta di Volontariato di Protezione Civile (CO.VO.GE.; Nova Militia Christi, Misericordie Me), che con le associazioni fornir\u00e0 assistenza alla popolazione in tutte le fasi logistiche. E\u2019 stato inoltre stilato un elenco delle \u201cAree di Emergenza \u2013 Attesa\u201d, prossime al percorso della Vara, al fine di garantire la localizzazione di luoghi sicuri dove potere andare in situazioni di emergenza.<\/span><div id=\"div-gpt-ad-Messinaoggi.it-DSK-300x250-corpoart\" style=\"text-align:center;margin:0 auto;\"><\/div><\/p>\n<div id=\"videoincontent\" style=\"clear:both\";><\/div>","protected":false},"excerpt":{"rendered":"<p>La giornata di Ferragosto, festa dell\u2019Assunta, marted\u00ec 15, si aprir\u00e0 alle ore 7.30, con il montaggio delle gomene al Cippo della Vara; alle 9, saranno sparati i colpi di cannone presso la stele della Madonna della Lettera; alle 11, sar\u00e0 celebrato il solenne pontificale presieduto dall\u2019arcivescovo Mons. Giovanni Accolla; alle 18.30, la Vara partir\u00e0 da [&hellip;]<\/p>\n","protected":false},"author":2,"featured_media":5999,"comment_status":"closed","ping_status":"open","sticky":false,"template":"","format":"standard","meta":{"ub_ctt_via":"","_mi_skip_tracking":false},"categories":[5],"tags":[],"featured_image_src":"https:\/\/www.messinaoggi.it\/website\/wp-content\/uploads\/2017\/08\/Vara-e-giganti-agosto-messinese-1-2.jpg","author_info":{"display_name":"Redazione","author_link":"https:\/\/www.messinaoggi.it\/website\/author\/redazione\/"},"digistream_id":0,"digistream":false,"_links":{"self":[{"href":"https:\/\/www.messinaoggi.it\/website\/wp-json\/wp\/v2\/posts\/6330"}],"collection":[{"href":"https:\/\/www.messinaoggi.it\/website\/wp-json\/wp\/v2\/posts"}],"about":[{"href":"https:\/\/www.messinaoggi.it\/website\/wp-json\/wp\/v2\/types\/post"}],"author":[{"embeddable":true,"href":"https:\/\/www.messinaoggi.it\/website\/wp-json\/wp\/v2\/users\/2"}],"replies":[{"embeddable":true,"href":"https:\/\/www.messinaoggi.it\/website\/wp-json\/wp\/v2\/comments?post=6330"}],"version-history":[{"count":0,"href":"https:\/\/www.messinaoggi.it\/website\/wp-json\/wp\/v2\/posts\/6330\/revisions"}],"wp:featuredmedia":[{"embeddable":true,"href":"https:\/\/www.messinaoggi.it\/website\/wp-json\/wp\/v2\/media\/5999"}],"wp:attachment":[{"href":"https:\/\/www.messinaoggi.it\/website\/wp-json\/wp\/v2\/media?parent=6330"}],"wp:term":[{"taxonomy":"category","embeddable":true,"href":"https:\/\/www.messinaoggi.it\/website\/wp-json\/wp\/v2\/categories?post=6330"},{"taxonomy":"post_tag","embeddable":true,"href":"https:\/\/www.messinaoggi.it\/website\/wp-json\/wp\/v2\/tags?post=6330"}],"curies":[{"name":"wp","href":"https:\/\/api.w.org\/{rel}","templated":true}]}}