{"id":63175,"date":"2021-05-07T10:48:26","date_gmt":"2021-05-07T08:48:26","guid":{"rendered":"http:\/\/www.messinaoggi.it\/website\/?p=63175"},"modified":"2021-05-07T09:50:18","modified_gmt":"2021-05-07T07:50:18","slug":"studenti-udu-al-rettore-siamo-noi-la-linfa","status":"publish","type":"post","link":"https:\/\/www.messinaoggi.it\/website\/2021\/05\/07\/studenti-udu-al-rettore-siamo-noi-la-linfa\/","title":{"rendered":"Studenti UDU al Rettore: &#8220;Siamo noi la linfa&#8221;"},"content":{"rendered":"\n<p>Gli studenti universitari dell&#8217;Udu scrivono al Rettore, Salvatore Cuzzocrea&#8221;<div id=\"div-gpt-ad-Messinaoggi.it-DSK-300x250-corpoart\" style=\"text-align:center;margin:0 auto;\"><\/div><\/p>\n\n\n\n<p>&#8220;Siamo studenti e studentesse dell\u2019Universit\u00e0 degli studi di Messina, siamo la linfa vitale degli spazi, delle aule, delle biblioteche, delle lezioni e degli esami di questo Ateneo.<br>Abbiamo avuto modo di ascoltare le sue parole in merito ai chiarimenti che ci ha dato sul ritorno in presenza.<br>In parte le condividiamo, in parte persiste in noi qualche perplessit\u00e0.<br>Lei dice bene, l\u2019Universit\u00e0 italiana non \u00e8 un\u2019Universit\u00e0 telematica, il valore dell\u2019incontro, dell\u2019ascolto, della vita universitaria a 360\u00b0 \u00e8 imprescindibile e noi non vediamo l\u2019ora di poter tornare \u201calla normalit\u00e0\u201d.<br>Le sue parole sull\u2019attenzione che verr\u00e0 rivolta per gli studenti in quarantena o in isolamento e per gli studenti stranieri o che non si trovano al momento sul territorio nazional ci rassicurano.<br><br>Ma stiamo, si spera, uscendo da un\u2019emergenza sanitaria che va avanti da pi\u00f9 di un anno.<br>Gli studenti fuorisede, tantissimi nel nostro Ateneo, non hanno provveduto a trovare un alloggio in citt\u00e0.<br>E\u2019 chiaro che non \u00e8 il momento di essere ipocriti, chi si lamenta per \u201cpigrizia\u201d e la sera vorrebbe volentieri sedersi al ristorante non dovrebbe essere oggetto della discussione.<br><br>Chi pu\u00f2 permettersi di viaggiare da Siracusa o Catanzaro, pagarsi un B&amp;B per potersi dare un esame di un\u2019ora e poi tornare a casa, lo faccia pure.<br>Ma chi ha un reddito basso e avrebbe diritto a non essere costretto ad affrontare queste ulteriori spese?<br>Non \u00e8 \u201cun di pi\u00f9\u201d cercare una soluzione per i fuorisede in difficolt\u00e0, ma \u00e8 diritto di quegli studenti e studentesse non pagare le spese di un\u2019emergenza che non dipende da noi.<br>La situazione creer\u00e0 non pochi disagi, non riteniamo corretto costringere gli studenti a cercare affitti o sistemazioni sul concludersi delle lezioni che di fatto si apprestano a terminare.<br><br>Quello che gli studenti stanno chiedendo \u00e8 semplicemente di applicare quanto fatto lo scorso anno, la scorsa estate infatti potevamo svolgere gli esami in presenza, ma non tutti erano costretti a dover viaggiare o organizzarsi, perch\u00e9 ci era data la possibilit\u00e0 di svolgere gli esami a distanza, ma non \u00e8 bastata una petizione con pi\u00f9 di 6000\u00a0 sottoscrizioni per far sentire la voce della comunit\u00e0 studentesca.\u00a0<div id=\"videoincontent\" style=\"clear:both\";><\/div><\/p>\n\n\n\n<p><br>Non possiamo per\u00f2 paragonare gli studenti delle elementari a quelli universitari, non \u00e8 questo, secondo noi, il punto.<\/p>\n\n\n\n<p>Vorremmo anche noi tornare in presenza, ma apriamo anche un\u2019ultima riflessione: <br>a quale normalit\u00e0 vogliamo tornare?<br>Gli studenti che gi\u00e0 prima della pandemia avevano difficolt\u00e0 a seguire le lezioni, come gli studenti lavoratori o con disabilit\u00e0, e che hanno trovato nella modalit\u00e0 online un\u2019agevolazione non poco rilevante, verranno lasciati indietro?<\/p>\n\n\n\n<p>Non sarebbe il caso che UNIME dimostri di avere una visione ampia e al passo coi tempi, rivelandosi capace di sfruttare tutti gli strumenti che la pandemia ci ha consegnato?<\/p>\n\n\n\n<p>Lo studente lavoratore che in tempi di pandemia non \u00e8 rimasto indietro con le lezioni, perch\u00e9 non potr\u00e0 collegarsi via Teams e\/o avere a disposizione la registrazione delle lezioni anche quando la pandemia sar\u00e0 passata?<\/p>\n\n\n\n<p>Queste scelte significherebbero dare una mano a categorie di studenti e studentesse che normalmente non frequentano le aule perch\u00e9 non possono, significherebbe fornire strumenti a sostegno del percorso universitario di tutte e tutti noi.<br>Significherebbe mettere al centro degli studenti.<\/p>\n\n\n\n<p>Ragioniamo insieme su come affrontare le sfide che la pandemia e il post-pandemia ci porranno davanti.<br>Noi ci siamo.<\/p>\n","protected":false},"excerpt":{"rendered":"<p>Gli studenti universitari dell&#8217;Udu scrivono al Rettore, Salvatore Cuzzocrea&#8221; &#8220;Siamo studenti e studentesse dell\u2019Universit\u00e0 degli studi di Messina, siamo la linfa vitale degli spazi, delle aule, delle biblioteche, delle lezioni e degli esami di questo Ateneo.Abbiamo avuto modo di ascoltare le sue parole in merito ai chiarimenti che ci ha dato sul ritorno in presenza.In [&hellip;]<\/p>\n","protected":false},"author":2,"featured_media":2303,"comment_status":"open","ping_status":"open","sticky":false,"template":"","format":"standard","meta":{"ub_ctt_via":"","_mi_skip_tracking":false},"categories":[7],"tags":[1752,1751,612],"featured_image_src":"https:\/\/www.messinaoggi.it\/website\/wp-content\/uploads\/2017\/06\/universita-me-2.jpg","author_info":{"display_name":"Redazione","author_link":"https:\/\/www.messinaoggi.it\/website\/author\/redazione\/"},"digistream_id":0,"digistream":false,"_links":{"self":[{"href":"https:\/\/www.messinaoggi.it\/website\/wp-json\/wp\/v2\/posts\/63175"}],"collection":[{"href":"https:\/\/www.messinaoggi.it\/website\/wp-json\/wp\/v2\/posts"}],"about":[{"href":"https:\/\/www.messinaoggi.it\/website\/wp-json\/wp\/v2\/types\/post"}],"author":[{"embeddable":true,"href":"https:\/\/www.messinaoggi.it\/website\/wp-json\/wp\/v2\/users\/2"}],"replies":[{"embeddable":true,"href":"https:\/\/www.messinaoggi.it\/website\/wp-json\/wp\/v2\/comments?post=63175"}],"version-history":[{"count":1,"href":"https:\/\/www.messinaoggi.it\/website\/wp-json\/wp\/v2\/posts\/63175\/revisions"}],"predecessor-version":[{"id":63176,"href":"https:\/\/www.messinaoggi.it\/website\/wp-json\/wp\/v2\/posts\/63175\/revisions\/63176"}],"wp:featuredmedia":[{"embeddable":true,"href":"https:\/\/www.messinaoggi.it\/website\/wp-json\/wp\/v2\/media\/2303"}],"wp:attachment":[{"href":"https:\/\/www.messinaoggi.it\/website\/wp-json\/wp\/v2\/media?parent=63175"}],"wp:term":[{"taxonomy":"category","embeddable":true,"href":"https:\/\/www.messinaoggi.it\/website\/wp-json\/wp\/v2\/categories?post=63175"},{"taxonomy":"post_tag","embeddable":true,"href":"https:\/\/www.messinaoggi.it\/website\/wp-json\/wp\/v2\/tags?post=63175"}],"curies":[{"name":"wp","href":"https:\/\/api.w.org\/{rel}","templated":true}]}}