{"id":63133,"date":"2021-05-06T23:07:31","date_gmt":"2021-05-06T21:07:31","guid":{"rendered":"https:\/\/www.messinaoggi.it\/website\/2021\/05\/06\/renzi-il-coprifuoco-va-tolto-non-serve-piu\/"},"modified":"2021-05-06T23:07:31","modified_gmt":"2021-05-06T21:07:31","slug":"renzi-il-coprifuoco-va-tolto-non-serve-piu","status":"publish","type":"post","link":"https:\/\/www.messinaoggi.it\/website\/2021\/05\/06\/renzi-il-coprifuoco-va-tolto-non-serve-piu\/","title":{"rendered":"Renzi \u201cIl coprifuoco va tolto, non serve pi\u00f9\u201d"},"content":{"rendered":"<div>ROMA (ITALPRESS) &#8211; &#8220;Il coprifuoco va tolto perch\u00e8 non serve pi\u00f9, perch\u00e8 ogni giorno mezzo milione di persone si vaccina a fronte di 10mila contagiati. Va tolto del tutto. Se va ancora tenuto, direi al limite fino a mezzanotte&#8221;. A dirlo il leader di Italia Viva, Matteo Renzi, a &#8220;Dritto e Rovescio&#8221; su Rete4.<br \/>&#8220;Ora la campagna di vaccinazione funziona &#8211; aggiunge -. Il flusso di vaccini c&#8217;\u00e8, bisogna dire grazie al governo Draghi che<br \/>ha fatto una svolta vera, con Figliuolo c&#8217;\u00e8 stata una svolta. Mi<br \/>ha stupito la polemica di una certa sinistra radical chic. Se tu<br \/>hai paura delle persone con la divisa \u00e8 un problema tuo&#8230;, il<br \/>fatto che ci sia un generale come Figliuolo mi fa stare bene. Mi<br \/>preoccupava quando c&#8217;era Arcuri, non ora che c&#8217;\u00e8 Figliuolo. C&#8217;\u00e8<br \/>stata una svolta. Prima c&#8217;era caos, ora con questa svolta possiamo riaprire&#8221;. <br \/>(ITALPRESS).<\/div>\n<div id=\"div-gpt-ad-Messinaoggi.it-DSK-300x250-corpoart\" style=\"text-align:center;margin:0 auto;\"><\/div><\/p><div id=\"videoincontent\" style=\"clear:both\";><\/div>","protected":false},"excerpt":{"rendered":"<p>ROMA (ITALPRESS) &#8211; &#8220;Il coprifuoco va tolto perch\u00e8 non serve pi\u00f9, perch\u00e8 ogni giorno mezzo milione di persone si vaccina a fronte di 10mila contagiati. Va tolto del tutto. Se va ancora tenuto, direi al limite fino a mezzanotte&#8221;. A dirlo il leader di Italia Viva, Matteo Renzi, a &#8220;Dritto e Rovescio&#8221; su Rete4.&#8220;Ora la [&hellip;]<\/p>\n","protected":false},"author":18,"featured_media":63134,"comment_status":"closed","ping_status":"closed","sticky":false,"template":"","format":"standard","meta":{"ub_ctt_via":"","_mi_skip_tracking":false},"categories":[446],"tags":[783],"featured_image_src":"https:\/\/www.messinaoggi.it\/website\/wp-content\/uploads\/2021\/05\/20210506_3026.jpg","author_info":{"display_name":"Admin","author_link":"https:\/\/www.messinaoggi.it\/website\/author\/admin\/"},"digistream_id":0,"digistream":false,"_links":{"self":[{"href":"https:\/\/www.messinaoggi.it\/website\/wp-json\/wp\/v2\/posts\/63133"}],"collection":[{"href":"https:\/\/www.messinaoggi.it\/website\/wp-json\/wp\/v2\/posts"}],"about":[{"href":"https:\/\/www.messinaoggi.it\/website\/wp-json\/wp\/v2\/types\/post"}],"author":[{"embeddable":true,"href":"https:\/\/www.messinaoggi.it\/website\/wp-json\/wp\/v2\/users\/18"}],"replies":[{"embeddable":true,"href":"https:\/\/www.messinaoggi.it\/website\/wp-json\/wp\/v2\/comments?post=63133"}],"version-history":[{"count":0,"href":"https:\/\/www.messinaoggi.it\/website\/wp-json\/wp\/v2\/posts\/63133\/revisions"}],"wp:featuredmedia":[{"embeddable":true,"href":"https:\/\/www.messinaoggi.it\/website\/wp-json\/wp\/v2\/media\/63134"}],"wp:attachment":[{"href":"https:\/\/www.messinaoggi.it\/website\/wp-json\/wp\/v2\/media?parent=63133"}],"wp:term":[{"taxonomy":"category","embeddable":true,"href":"https:\/\/www.messinaoggi.it\/website\/wp-json\/wp\/v2\/categories?post=63133"},{"taxonomy":"post_tag","embeddable":true,"href":"https:\/\/www.messinaoggi.it\/website\/wp-json\/wp\/v2\/tags?post=63133"}],"curies":[{"name":"wp","href":"https:\/\/api.w.org\/{rel}","templated":true}]}}