{"id":63131,"date":"2021-05-06T21:07:37","date_gmt":"2021-05-06T19:07:37","guid":{"rendered":"https:\/\/www.messinaoggi.it\/website\/2021\/05\/06\/giustizia-salvini-raccoglieremo-firme-con-i-radicali-per-referendum\/"},"modified":"2021-05-06T21:07:37","modified_gmt":"2021-05-06T19:07:37","slug":"giustizia-salvini-raccoglieremo-firme-con-i-radicali-per-referendum","status":"publish","type":"post","link":"https:\/\/www.messinaoggi.it\/website\/2021\/05\/06\/giustizia-salvini-raccoglieremo-firme-con-i-radicali-per-referendum\/","title":{"rendered":"Giustizia, Salvini \u201cRaccoglieremo firme con i radicali per referendum\u201d"},"content":{"rendered":"<div>ROMA (ITALPRESS) &#8211; &#8220;Questo Parlamento con Pd e 5Stelle non far\u00e0 mai una riforma della giustizia. Per questo stiamo organizzando con il Partito Radicale una raccolta di firme per alcuni questiti referendari&#8221;. Lo dice il leader della Lega Matteo Salvini nel corso della registrazione di Porta a Porta.<br \/>La mia posizione sul coprifuoco? &#8220;Penso che si sappia, il coprifuoco \u00e8 da cancellare. La mia previsione la fondo sui dati scientifici, perch\u00e8 giustamente il Presidente Draghi come qualunque cittadino quando c&#8217;\u00e8 di mezzo salute, vita e lavoro, vuole fondare quello che si far\u00e0 su dati scientifici. Oggi fortunatamente siamo a un mese di costante miglioramento e i ministri della Lega la prossima settimana in Cdm chiederanno il ritorno alla vita e la cancellazione del coprifuoco fidandoci del buonsenso degli italiani&#8221;. <br \/>(ITALPRESS).<\/div>\n<div id=\"div-gpt-ad-Messinaoggi.it-DSK-300x250-corpoart\" style=\"text-align:center;margin:0 auto;\"><\/div><\/p><div id=\"videoincontent\" style=\"clear:both\";><\/div>","protected":false},"excerpt":{"rendered":"<p>ROMA (ITALPRESS) &#8211; &#8220;Questo Parlamento con Pd e 5Stelle non far\u00e0 mai una riforma della giustizia. Per questo stiamo organizzando con il Partito Radicale una raccolta di firme per alcuni questiti referendari&#8221;. Lo dice il leader della Lega Matteo Salvini nel corso della registrazione di Porta a Porta.La mia posizione sul coprifuoco? &#8220;Penso che si [&hellip;]<\/p>\n","protected":false},"author":18,"featured_media":63132,"comment_status":"closed","ping_status":"closed","sticky":false,"template":"","format":"standard","meta":{"ub_ctt_via":"","_mi_skip_tracking":false},"categories":[446],"tags":[783],"featured_image_src":"https:\/\/www.messinaoggi.it\/website\/wp-content\/uploads\/2021\/05\/20210506_2864.jpg","author_info":{"display_name":"Admin","author_link":"https:\/\/www.messinaoggi.it\/website\/author\/admin\/"},"digistream_id":0,"digistream":false,"_links":{"self":[{"href":"https:\/\/www.messinaoggi.it\/website\/wp-json\/wp\/v2\/posts\/63131"}],"collection":[{"href":"https:\/\/www.messinaoggi.it\/website\/wp-json\/wp\/v2\/posts"}],"about":[{"href":"https:\/\/www.messinaoggi.it\/website\/wp-json\/wp\/v2\/types\/post"}],"author":[{"embeddable":true,"href":"https:\/\/www.messinaoggi.it\/website\/wp-json\/wp\/v2\/users\/18"}],"replies":[{"embeddable":true,"href":"https:\/\/www.messinaoggi.it\/website\/wp-json\/wp\/v2\/comments?post=63131"}],"version-history":[{"count":0,"href":"https:\/\/www.messinaoggi.it\/website\/wp-json\/wp\/v2\/posts\/63131\/revisions"}],"wp:featuredmedia":[{"embeddable":true,"href":"https:\/\/www.messinaoggi.it\/website\/wp-json\/wp\/v2\/media\/63132"}],"wp:attachment":[{"href":"https:\/\/www.messinaoggi.it\/website\/wp-json\/wp\/v2\/media?parent=63131"}],"wp:term":[{"taxonomy":"category","embeddable":true,"href":"https:\/\/www.messinaoggi.it\/website\/wp-json\/wp\/v2\/categories?post=63131"},{"taxonomy":"post_tag","embeddable":true,"href":"https:\/\/www.messinaoggi.it\/website\/wp-json\/wp\/v2\/tags?post=63131"}],"curies":[{"name":"wp","href":"https:\/\/api.w.org\/{rel}","templated":true}]}}