{"id":63117,"date":"2021-05-06T20:07:31","date_gmt":"2021-05-06T18:07:31","guid":{"rendered":"https:\/\/www.messinaoggi.it\/website\/2021\/05\/06\/spari-contro-peschereccio-italiano-in-libia-ferito-il-comandante\/"},"modified":"2021-05-06T20:07:31","modified_gmt":"2021-05-06T18:07:31","slug":"spari-contro-peschereccio-italiano-in-libia-ferito-il-comandante","status":"publish","type":"post","link":"https:\/\/www.messinaoggi.it\/website\/2021\/05\/06\/spari-contro-peschereccio-italiano-in-libia-ferito-il-comandante\/","title":{"rendered":"Spari contro peschereccio italiano in Libia, ferito il comandante"},"content":{"rendered":"<div>MAZARA DEL VALLO (TRAPANI) (ITALPRESS) &#8211; Il comandante del peschereccio Aliseo della marineria di Mazara del Vallo, Giuseppe Giacalone, \u00e8 stato ferito da colpi di arma da fuoco esplosi dalla Guardia costiera libica al largo delle coste di Misurata. Una raffica di spari ha colpito il comandante che adesso \u00e8 ferito, in condizioni ancora da accertare. Sul posto \u00e8 arrivato un elicottero della Marina Militare. L&#8217;assalto \u00e8 avvenuto al largo della Libia nord-occidentale. <br \/>(ITALPRESS).<\/div>\n<div id=\"div-gpt-ad-Messinaoggi.it-DSK-300x250-corpoart\" style=\"text-align:center;margin:0 auto;\"><\/div><\/p><div id=\"videoincontent\" style=\"clear:both\";><\/div>","protected":false},"excerpt":{"rendered":"<p>MAZARA DEL VALLO (TRAPANI) (ITALPRESS) &#8211; Il comandante del peschereccio Aliseo della marineria di Mazara del Vallo, Giuseppe Giacalone, \u00e8 stato ferito da colpi di arma da fuoco esplosi dalla Guardia costiera libica al largo delle coste di Misurata. Una raffica di spari ha colpito il comandante che adesso \u00e8 ferito, in condizioni ancora da [&hellip;]<\/p>\n","protected":false},"author":18,"featured_media":63118,"comment_status":"closed","ping_status":"closed","sticky":false,"template":"","format":"standard","meta":{"ub_ctt_via":"","_mi_skip_tracking":false},"categories":[446],"tags":[783],"featured_image_src":"https:\/\/www.messinaoggi.it\/website\/wp-content\/uploads\/2021\/05\/20210506_2609.jpg","author_info":{"display_name":"Admin","author_link":"https:\/\/www.messinaoggi.it\/website\/author\/admin\/"},"digistream_id":0,"digistream":false,"_links":{"self":[{"href":"https:\/\/www.messinaoggi.it\/website\/wp-json\/wp\/v2\/posts\/63117"}],"collection":[{"href":"https:\/\/www.messinaoggi.it\/website\/wp-json\/wp\/v2\/posts"}],"about":[{"href":"https:\/\/www.messinaoggi.it\/website\/wp-json\/wp\/v2\/types\/post"}],"author":[{"embeddable":true,"href":"https:\/\/www.messinaoggi.it\/website\/wp-json\/wp\/v2\/users\/18"}],"replies":[{"embeddable":true,"href":"https:\/\/www.messinaoggi.it\/website\/wp-json\/wp\/v2\/comments?post=63117"}],"version-history":[{"count":0,"href":"https:\/\/www.messinaoggi.it\/website\/wp-json\/wp\/v2\/posts\/63117\/revisions"}],"wp:featuredmedia":[{"embeddable":true,"href":"https:\/\/www.messinaoggi.it\/website\/wp-json\/wp\/v2\/media\/63118"}],"wp:attachment":[{"href":"https:\/\/www.messinaoggi.it\/website\/wp-json\/wp\/v2\/media?parent=63117"}],"wp:term":[{"taxonomy":"category","embeddable":true,"href":"https:\/\/www.messinaoggi.it\/website\/wp-json\/wp\/v2\/categories?post=63117"},{"taxonomy":"post_tag","embeddable":true,"href":"https:\/\/www.messinaoggi.it\/website\/wp-json\/wp\/v2\/tags?post=63117"}],"curies":[{"name":"wp","href":"https:\/\/api.w.org\/{rel}","templated":true}]}}