{"id":63083,"date":"2021-05-06T17:07:50","date_gmt":"2021-05-06T15:07:50","guid":{"rendered":"https:\/\/www.messinaoggi.it\/website\/2021\/05\/06\/dal-10-maggio-al-via-la-campagna-vaccinale-per-gli-over-50\/"},"modified":"2021-05-06T17:07:50","modified_gmt":"2021-05-06T15:07:50","slug":"dal-10-maggio-al-via-la-campagna-vaccinale-per-gli-over-50","status":"publish","type":"post","link":"https:\/\/www.messinaoggi.it\/website\/2021\/05\/06\/dal-10-maggio-al-via-la-campagna-vaccinale-per-gli-over-50\/","title":{"rendered":"Dal 10 maggio al via la campagna vaccinale per gli over 50"},"content":{"rendered":"<div>ROMA (ITALPRESS) &#8211; A partire dal prossimo 10 maggio, la Struttura Commissariale per l&#8217;emergenza Covid-19 ha disposto l&#8217;avvio delle prenotazioni per la somministrazione anche per gli over 50 del vaccino anti-Covid-19, ovvero fino ai nati nel 1971. &#8220;Questa apertura avr\u00e0 carattere di gradualit\u00e0 ed \u00e8 suffragata dal buon andamento della campagna di somministrazione su scala nazionale delle categorie prioritarie, over 80 e fragili, riportate nell&#8217;ordinanza n. 6 del 9 aprile 2021&#8221;, sottolinea la Struttura Commissariale.<br \/>Le prenotazione per i cittadini over 50 verranno recepite &#8220;ferma restando la priorit\u00e0 per le persone affette da patologie o situazioni di compromissione immunologica che possono aumentare il rischio di sviluppare forme severe di Covid-19 (comorbidit\u00e0), seppur senza quella connotazione di gravit\u00e0 riportata per le persone fragili&#8221;.<br \/>(ITALPRESS).<\/div>\n<div id=\"div-gpt-ad-Messinaoggi.it-DSK-300x250-corpoart\" style=\"text-align:center;margin:0 auto;\"><\/div><\/p><div id=\"videoincontent\" style=\"clear:both\";><\/div>","protected":false},"excerpt":{"rendered":"<p>ROMA (ITALPRESS) &#8211; A partire dal prossimo 10 maggio, la Struttura Commissariale per l&#8217;emergenza Covid-19 ha disposto l&#8217;avvio delle prenotazioni per la somministrazione anche per gli over 50 del vaccino anti-Covid-19, ovvero fino ai nati nel 1971. &#8220;Questa apertura avr\u00e0 carattere di gradualit\u00e0 ed \u00e8 suffragata dal buon andamento della campagna di somministrazione su scala [&hellip;]<\/p>\n","protected":false},"author":18,"featured_media":63084,"comment_status":"closed","ping_status":"closed","sticky":false,"template":"","format":"standard","meta":{"ub_ctt_via":"","_mi_skip_tracking":false},"categories":[446],"tags":[783],"featured_image_src":"https:\/\/www.messinaoggi.it\/website\/wp-content\/uploads\/2021\/05\/20210506_2065.jpg","author_info":{"display_name":"Admin","author_link":"https:\/\/www.messinaoggi.it\/website\/author\/admin\/"},"digistream_id":0,"digistream":false,"_links":{"self":[{"href":"https:\/\/www.messinaoggi.it\/website\/wp-json\/wp\/v2\/posts\/63083"}],"collection":[{"href":"https:\/\/www.messinaoggi.it\/website\/wp-json\/wp\/v2\/posts"}],"about":[{"href":"https:\/\/www.messinaoggi.it\/website\/wp-json\/wp\/v2\/types\/post"}],"author":[{"embeddable":true,"href":"https:\/\/www.messinaoggi.it\/website\/wp-json\/wp\/v2\/users\/18"}],"replies":[{"embeddable":true,"href":"https:\/\/www.messinaoggi.it\/website\/wp-json\/wp\/v2\/comments?post=63083"}],"version-history":[{"count":0,"href":"https:\/\/www.messinaoggi.it\/website\/wp-json\/wp\/v2\/posts\/63083\/revisions"}],"wp:featuredmedia":[{"embeddable":true,"href":"https:\/\/www.messinaoggi.it\/website\/wp-json\/wp\/v2\/media\/63084"}],"wp:attachment":[{"href":"https:\/\/www.messinaoggi.it\/website\/wp-json\/wp\/v2\/media?parent=63083"}],"wp:term":[{"taxonomy":"category","embeddable":true,"href":"https:\/\/www.messinaoggi.it\/website\/wp-json\/wp\/v2\/categories?post=63083"},{"taxonomy":"post_tag","embeddable":true,"href":"https:\/\/www.messinaoggi.it\/website\/wp-json\/wp\/v2\/tags?post=63083"}],"curies":[{"name":"wp","href":"https:\/\/api.w.org\/{rel}","templated":true}]}}