{"id":63054,"date":"2021-05-06T15:07:35","date_gmt":"2021-05-06T13:07:35","guid":{"rendered":"https:\/\/www.messinaoggi.it\/website\/2021\/05\/06\/conte-casaleggio-consegni-i-dati-non-puo-fermare-il-m5s\/"},"modified":"2021-05-06T15:39:30","modified_gmt":"2021-05-06T13:39:30","slug":"conte-casaleggio-consegni-i-dati-non-puo-fermare-il-m5s","status":"publish","type":"post","link":"https:\/\/www.messinaoggi.it\/website\/2021\/05\/06\/conte-casaleggio-consegni-i-dati-non-puo-fermare-il-m5s\/","title":{"rendered":"Conte \u201cCasaleggio consegni i dati, non pu\u00f2 fermare il M5S\u201d"},"content":{"rendered":"<div>ROMA (ITALPRESS) &#8211; &#8220;Casaleggio per legge \u00e8 obbligato a consegnare i dati degli iscritti al Movimento, che ne \u00e8 l&#8217;unico e legittimo titolare&#8221;. Lo dice l&#8217;ex presidente del Consiglio e leader in pectore del M5S, Giuseppe Conte, in un&#8217;intervista a La Repubblica. &#8220;Su questo c&#8217;\u00e8 poco da scherzare, perch\u00e8 questi vincoli di legge sono assistiti da solide tutele, civili e penali&#8221;, aggiunge.<br \/>&#8220;Abbiamo predisposto tutto per partire. Siamo pronti. Questa impasse sta solo rallentando il processo costituente, ma certo non lo bloccher\u00e0 &#8211; sottolinea Conte -. Verr\u00e0 presto superata, con o senza il consenso di Casaleggio. Se Rousseau non vorr\u00e0 procedere in questa direzione, chiederemo l&#8217;intervento del Garante della Privacy e ricorreremo a tutti gli strumenti per contrastare eventuali abusi. Non si pu\u00f2 fermare il Movimento, la prima forza politica del Parlamento&#8221;.<br \/>(ITALPRESS).<\/div>\n<div id=\"div-gpt-ad-Messinaoggi.it-DSK-300x250-corpoart\" style=\"text-align:center;margin:0 auto;\"><\/div><\/p><div id=\"videoincontent\" style=\"clear:both\";><\/div>","protected":false},"excerpt":{"rendered":"<p>ROMA (ITALPRESS) &#8211; &#8220;Casaleggio per legge \u00e8 obbligato a consegnare i dati degli iscritti al Movimento, che ne \u00e8 l&#8217;unico e legittimo titolare&#8221;. Lo dice l&#8217;ex presidente del Consiglio e leader in pectore del M5S, Giuseppe Conte, in un&#8217;intervista a La Repubblica. &#8220;Su questo c&#8217;\u00e8 poco da scherzare, perch\u00e8 questi vincoli di legge sono assistiti [&hellip;]<\/p>\n","protected":false},"author":18,"featured_media":63055,"comment_status":"closed","ping_status":"closed","sticky":false,"template":"","format":"standard","meta":{"ub_ctt_via":"","_mi_skip_tracking":false},"categories":[446,4],"tags":[783],"featured_image_src":"https:\/\/www.messinaoggi.it\/website\/wp-content\/uploads\/2021\/05\/20210506_0882.jpg","author_info":{"display_name":"Admin","author_link":"https:\/\/www.messinaoggi.it\/website\/author\/admin\/"},"digistream_id":0,"digistream":false,"_links":{"self":[{"href":"https:\/\/www.messinaoggi.it\/website\/wp-json\/wp\/v2\/posts\/63054"}],"collection":[{"href":"https:\/\/www.messinaoggi.it\/website\/wp-json\/wp\/v2\/posts"}],"about":[{"href":"https:\/\/www.messinaoggi.it\/website\/wp-json\/wp\/v2\/types\/post"}],"author":[{"embeddable":true,"href":"https:\/\/www.messinaoggi.it\/website\/wp-json\/wp\/v2\/users\/18"}],"replies":[{"embeddable":true,"href":"https:\/\/www.messinaoggi.it\/website\/wp-json\/wp\/v2\/comments?post=63054"}],"version-history":[{"count":1,"href":"https:\/\/www.messinaoggi.it\/website\/wp-json\/wp\/v2\/posts\/63054\/revisions"}],"predecessor-version":[{"id":63074,"href":"https:\/\/www.messinaoggi.it\/website\/wp-json\/wp\/v2\/posts\/63054\/revisions\/63074"}],"wp:featuredmedia":[{"embeddable":true,"href":"https:\/\/www.messinaoggi.it\/website\/wp-json\/wp\/v2\/media\/63055"}],"wp:attachment":[{"href":"https:\/\/www.messinaoggi.it\/website\/wp-json\/wp\/v2\/media?parent=63054"}],"wp:term":[{"taxonomy":"category","embeddable":true,"href":"https:\/\/www.messinaoggi.it\/website\/wp-json\/wp\/v2\/categories?post=63054"},{"taxonomy":"post_tag","embeddable":true,"href":"https:\/\/www.messinaoggi.it\/website\/wp-json\/wp\/v2\/tags?post=63054"}],"curies":[{"name":"wp","href":"https:\/\/api.w.org\/{rel}","templated":true}]}}