{"id":6304,"date":"2017-08-11T13:21:12","date_gmt":"2017-08-11T11:21:12","guid":{"rendered":"http:\/\/www.messinaoggi.it\/website\/?p=6304"},"modified":"2017-08-11T13:21:12","modified_gmt":"2017-08-11T11:21:12","slug":"tratte-in-salvo-due-imbarcazioni-dalla-guardia-costiera","status":"publish","type":"post","link":"https:\/\/www.messinaoggi.it\/website\/2017\/08\/11\/tratte-in-salvo-due-imbarcazioni-dalla-guardia-costiera\/","title":{"rendered":"Tratte in salvo due imbarcazioni dalla Guardia Costiera"},"content":{"rendered":"<p style=\"text-align: justify\" align=\"LEFT\"><span style=\"font-family: 'Times New Roman', serif\"><span style=\"font-size: medium\">Procede a pieno ritmo il lavoro della Guardia Costiera di Messina che, nell\u2019ambito dello svolgimento delle attivit\u00e0 d\u2019istituto comprese nell\u2019operazione \u201cMare Sicuro 2017\u201d, con la dipendente unit\u00e0 navale CP 852 ha condotto diverse attivit\u00e0 di soccorso e assistenza a diportisti in difficolt\u00e0. Nel dettaglio, due sono state le imbarcazioni tratte in salvo nella sola giornata di ieri.<\/span><\/span><div id=\"div-gpt-ad-Messinaoggi.it-DSK-300x250-corpoart\" style=\"text-align:center;margin:0 auto;\"><\/div><\/p>\n<p style=\"text-align: justify\" align=\"LEFT\"><span style=\"font-family: 'Times New Roman', serif\"><span style=\"font-size: medium\">Alle ore 13.30 la Sala Operativa ha ricevuto una richiesta di aiuto proveniente da zona Pace, a circa 700 metri dalla costa, relativa ad un&#8217;imbarcazione da diporto alla deriva e con il motore in panne. Tre le persone a bordo tratte in salvo. Infatti, la CP 852, una volta giunta in zona e dopo aver verificato il buono stato di salute degli occupanti, in considerazione dell\u2019intenso traffico di attraversamento dello Stretto e per motivi di sicurezza, ha deciso di prendere a bordo le persone soccorse.<\/span><\/span><div id=\"videoincontent\" style=\"clear:both\";><\/div><\/p>\n<p style=\"text-align: justify\" align=\"LEFT\"><span style=\"font-family: 'Times New Roman', serif\"><span style=\"font-size: medium\">Alle ore 21.04, inoltre, \u00e8 giunta la segnalazione di una barca in legno di 4 metri con due persone a bordo con il motore in avaria che imbarcava acqua situata nello Stretto ad una distanza di circa 1,5 miglia nautiche da punta San Ranieri. E&#8217; stato pertanto immediatamente disposto l\u2019invio in zona della dipendente motovedetta CP 852. Anche in questo caso la tempestivit\u00e0 dell\u2019intervento ha fatto si che non vi fosse nessuna ulteriore tragica conseguenza.<\/span><\/span><\/p>\n","protected":false},"excerpt":{"rendered":"<p>Procede a pieno ritmo il lavoro della Guardia Costiera di Messina che, nell\u2019ambito dello svolgimento delle attivit\u00e0 d\u2019istituto comprese nell\u2019operazione \u201cMare Sicuro 2017\u201d, con la dipendente unit\u00e0 navale CP 852 ha condotto diverse attivit\u00e0 di soccorso e assistenza a diportisti in difficolt\u00e0. Nel dettaglio, due sono state le imbarcazioni tratte in salvo nella sola giornata [&hellip;]<\/p>\n","protected":false},"author":8,"featured_media":1306,"comment_status":"closed","ping_status":"open","sticky":false,"template":"","format":"standard","meta":{"ub_ctt_via":"","_mi_skip_tracking":false},"categories":[5],"tags":[],"featured_image_src":"https:\/\/www.messinaoggi.it\/website\/wp-content\/uploads\/2017\/06\/guardia-costiera-1-2.jpg","author_info":{"display_name":"red..me","author_link":"https:\/\/www.messinaoggi.it\/website\/author\/redstage\/"},"digistream_id":0,"digistream":false,"_links":{"self":[{"href":"https:\/\/www.messinaoggi.it\/website\/wp-json\/wp\/v2\/posts\/6304"}],"collection":[{"href":"https:\/\/www.messinaoggi.it\/website\/wp-json\/wp\/v2\/posts"}],"about":[{"href":"https:\/\/www.messinaoggi.it\/website\/wp-json\/wp\/v2\/types\/post"}],"author":[{"embeddable":true,"href":"https:\/\/www.messinaoggi.it\/website\/wp-json\/wp\/v2\/users\/8"}],"replies":[{"embeddable":true,"href":"https:\/\/www.messinaoggi.it\/website\/wp-json\/wp\/v2\/comments?post=6304"}],"version-history":[{"count":0,"href":"https:\/\/www.messinaoggi.it\/website\/wp-json\/wp\/v2\/posts\/6304\/revisions"}],"wp:featuredmedia":[{"embeddable":true,"href":"https:\/\/www.messinaoggi.it\/website\/wp-json\/wp\/v2\/media\/1306"}],"wp:attachment":[{"href":"https:\/\/www.messinaoggi.it\/website\/wp-json\/wp\/v2\/media?parent=6304"}],"wp:term":[{"taxonomy":"category","embeddable":true,"href":"https:\/\/www.messinaoggi.it\/website\/wp-json\/wp\/v2\/categories?post=6304"},{"taxonomy":"post_tag","embeddable":true,"href":"https:\/\/www.messinaoggi.it\/website\/wp-json\/wp\/v2\/tags?post=6304"}],"curies":[{"name":"wp","href":"https:\/\/api.w.org\/{rel}","templated":true}]}}