{"id":63027,"date":"2021-05-06T13:07:32","date_gmt":"2021-05-06T11:07:32","guid":{"rendered":"https:\/\/www.messinaoggi.it\/website\/2021\/05\/06\/bce-resta-incertezza-nel-breve-termine-ma-netto-recupero-nel-2021\/"},"modified":"2021-05-06T13:07:32","modified_gmt":"2021-05-06T11:07:32","slug":"bce-resta-incertezza-nel-breve-termine-ma-netto-recupero-nel-2021","status":"publish","type":"post","link":"https:\/\/www.messinaoggi.it\/website\/2021\/05\/06\/bce-resta-incertezza-nel-breve-termine-ma-netto-recupero-nel-2021\/","title":{"rendered":"Bce, resta incertezza nel breve termine ma netto recupero nel 2021"},"content":{"rendered":"<div>ROMA (ITALPRESS) &#8211; &#8220;Sebbene la ripresa della domanda globale e la consistente azione di stimolo fiscale stiano sostenendo l&#8217;attivit\u00e0 a livello mondiale e nell&#8217;area dell&#8217;euro, l&#8217;incertezza sulla recrudescenza della pandemia e lo stato di avanzamento delle campagne vaccinali continua a caratterizzare le prospettive economiche di breve termine. I tassi persistentemente elevati dei contagi da coronavirus nonch\u00e8 l&#8217;estensione e l&#8217;inasprimento delle misure di contenimento che ne conseguono seguitano ad agire da freno sull&#8217;attivit\u00e0 economica nel breve periodo. In prospettiva, l&#8217;avanzamento delle campagne vaccinali e il previsto graduale allentamento delle misure di contenimento rafforzano le attese di un deciso recupero dell&#8217;attivit\u00e0 economica nel corso del 2021&#8221;. Cos\u00ec la Bce nel Bollettino economico mensile, aggiungendo che &#8220;il mantenimento di condizioni di finanziamento favorevoli nel periodo della pandemia rimane il presupposto fondamentale per ridurre l&#8217;incertezza e rafforzare la fiducia, sostenendo cos\u00ec l&#8217;attivit\u00e0 economica e salvaguardando la stabilit\u00e0 dei prezzi nel medio termine&#8221;. Secondo la Bce &#8220;i dati economici, i risultati delle indagini congiunturali e gli indicatori ad alta frequenza pervenuti segnalano per il primo trimestre di quest&#8217;anno una possibile nuova contrazione dell&#8217;attivit\u00e0 economica, indicando tuttavia una ripresa della crescita nel secondo trimestre. Sebbene le misure di politica di bilancio continuino a sostenere le famiglie e le imprese, i consumatori restano cauti alla luce della pandemia e dei suoi effetti sull&#8217;occupazione e sui redditi.<br \/>In prospettiva, le campagne vaccinali in corso, che dovrebbero consentire un graduale allentamento delle misure di contenimento, dovrebbero assicurare un deciso recupero dell&#8217;attivit\u00e0 economica nel corso del 2021&#8243;. Quindi &#8220;nel medio periodo, la ripresa dell&#8217;economia dell&#8217;area dell&#8217;euro dovrebbe essere trainata da un recupero della domanda interna e mondiale, sostenuto da condizioni di finanziamento favorevoli e dallo stimolo fiscale&#8221;. <br \/>Infine &#8220;il Consiglio direttivo continuer\u00e0 a fornire abbondante liquidit\u00e0 attraverso le operazioni di rifinanziamento ed \u00e8 pronto ad adeguare tutti i suoi strumenti, ove opportuno, per far s\u00ec che l&#8217;inflazione converga stabilmente verso l&#8217;obiettivo perseguito, coerentemente con l&#8217;impegno a favore della simmetria&#8221;.<br \/>(ITALPRESS).<\/div>\n<div id=\"div-gpt-ad-Messinaoggi.it-DSK-300x250-corpoart\" style=\"text-align:center;margin:0 auto;\"><\/div><\/p><div id=\"videoincontent\" style=\"clear:both\";><\/div>","protected":false},"excerpt":{"rendered":"<p>ROMA (ITALPRESS) &#8211; &#8220;Sebbene la ripresa della domanda globale e la consistente azione di stimolo fiscale stiano sostenendo l&#8217;attivit\u00e0 a livello mondiale e nell&#8217;area dell&#8217;euro, l&#8217;incertezza sulla recrudescenza della pandemia e lo stato di avanzamento delle campagne vaccinali continua a caratterizzare le prospettive economiche di breve termine. I tassi persistentemente elevati dei contagi da coronavirus [&hellip;]<\/p>\n","protected":false},"author":18,"featured_media":63028,"comment_status":"closed","ping_status":"closed","sticky":false,"template":"","format":"standard","meta":{"ub_ctt_via":"","_mi_skip_tracking":false},"categories":[446],"tags":[783],"featured_image_src":"https:\/\/www.messinaoggi.it\/website\/wp-content\/uploads\/2021\/05\/20210506_0527.jpg","author_info":{"display_name":"Admin","author_link":"https:\/\/www.messinaoggi.it\/website\/author\/admin\/"},"digistream_id":0,"digistream":false,"_links":{"self":[{"href":"https:\/\/www.messinaoggi.it\/website\/wp-json\/wp\/v2\/posts\/63027"}],"collection":[{"href":"https:\/\/www.messinaoggi.it\/website\/wp-json\/wp\/v2\/posts"}],"about":[{"href":"https:\/\/www.messinaoggi.it\/website\/wp-json\/wp\/v2\/types\/post"}],"author":[{"embeddable":true,"href":"https:\/\/www.messinaoggi.it\/website\/wp-json\/wp\/v2\/users\/18"}],"replies":[{"embeddable":true,"href":"https:\/\/www.messinaoggi.it\/website\/wp-json\/wp\/v2\/comments?post=63027"}],"version-history":[{"count":0,"href":"https:\/\/www.messinaoggi.it\/website\/wp-json\/wp\/v2\/posts\/63027\/revisions"}],"wp:featuredmedia":[{"embeddable":true,"href":"https:\/\/www.messinaoggi.it\/website\/wp-json\/wp\/v2\/media\/63028"}],"wp:attachment":[{"href":"https:\/\/www.messinaoggi.it\/website\/wp-json\/wp\/v2\/media?parent=63027"}],"wp:term":[{"taxonomy":"category","embeddable":true,"href":"https:\/\/www.messinaoggi.it\/website\/wp-json\/wp\/v2\/categories?post=63027"},{"taxonomy":"post_tag","embeddable":true,"href":"https:\/\/www.messinaoggi.it\/website\/wp-json\/wp\/v2\/tags?post=63027"}],"curies":[{"name":"wp","href":"https:\/\/api.w.org\/{rel}","templated":true}]}}