{"id":63018,"date":"2021-05-06T12:07:38","date_gmt":"2021-05-06T10:07:38","guid":{"rendered":"https:\/\/www.messinaoggi.it\/website\/2021\/05\/06\/covid-von-der-leyen-italia-aveva-ragione-a-chiedere-lintervento-ue\/"},"modified":"2021-05-06T12:07:38","modified_gmt":"2021-05-06T10:07:38","slug":"covid-von-der-leyen-italia-aveva-ragione-a-chiedere-lintervento-ue","status":"publish","type":"post","link":"https:\/\/www.messinaoggi.it\/website\/2021\/05\/06\/covid-von-der-leyen-italia-aveva-ragione-a-chiedere-lintervento-ue\/","title":{"rendered":"Covid, Von der Leyen \u201cItalia aveva ragione a chiedere l\u2019intervento Ue\u201d"},"content":{"rendered":"<div>BRUXELLES (BELGIO) (ITALPRESS) &#8211; &#8220;Ricordo bene l&#8217;inizio della pandemia e l&#8217;appello dell&#8217;Italia all&#8217;Europa. Gli italiani chiesero la solidariet\u00e0 e il coordinamento dell&#8217;Europa, e avevano ragione. L&#8217;Europa doveva intervenire ed \u00e8 quello che abbiamo fatto&#8221;. Cos\u00ec la presidente della Commissione Ue, Ursula Von der Leyen, nel discorso sullo Stato dell&#8217;Unione.<br \/>&#8220;L&#8217;Europa \u00e8 l&#8217;unica regione a esportare vaccini su larga scala ed \u00e8 anche pronta a discutere ogni proposta per affrontare la crisi in modo pragmatico. E&#8217; il motivo per cui siamo pronti a discutere le modalit\u00e0 della proposta americana per la revoca della propriet\u00e0 intellettuale sui vaccini&#8221;, ha aggiunto.<br \/>&#8220;La storia d&#8217;Europa \u00e8 una storia di rinascimento. Dopo ogni crisi \u00e8 venuta una storia di rinascimenti. Questa \u00e8 la nostra responsabilit\u00e0. E&#8217; nostra responsabilit\u00e0 arrivare alla fine di questa pandemia e dare un nuovo futuro all&#8217;Europa&#8221;, ha sottolineato Von der Leyen.<br \/>(ITALPRESS).<\/div>\n<div id=\"div-gpt-ad-Messinaoggi.it-DSK-300x250-corpoart\" style=\"text-align:center;margin:0 auto;\"><\/div><\/p><div id=\"videoincontent\" style=\"clear:both\";><\/div>","protected":false},"excerpt":{"rendered":"<p>BRUXELLES (BELGIO) (ITALPRESS) &#8211; &#8220;Ricordo bene l&#8217;inizio della pandemia e l&#8217;appello dell&#8217;Italia all&#8217;Europa. Gli italiani chiesero la solidariet\u00e0 e il coordinamento dell&#8217;Europa, e avevano ragione. L&#8217;Europa doveva intervenire ed \u00e8 quello che abbiamo fatto&#8221;. Cos\u00ec la presidente della Commissione Ue, Ursula Von der Leyen, nel discorso sullo Stato dell&#8217;Unione.&#8220;L&#8217;Europa \u00e8 l&#8217;unica regione a esportare vaccini [&hellip;]<\/p>\n","protected":false},"author":18,"featured_media":63019,"comment_status":"closed","ping_status":"closed","sticky":false,"template":"","format":"standard","meta":{"ub_ctt_via":"","_mi_skip_tracking":false},"categories":[446],"tags":[783],"featured_image_src":"https:\/\/www.messinaoggi.it\/website\/wp-content\/uploads\/2021\/05\/20210506_0308.jpg","author_info":{"display_name":"Admin","author_link":"https:\/\/www.messinaoggi.it\/website\/author\/admin\/"},"digistream_id":0,"digistream":false,"_links":{"self":[{"href":"https:\/\/www.messinaoggi.it\/website\/wp-json\/wp\/v2\/posts\/63018"}],"collection":[{"href":"https:\/\/www.messinaoggi.it\/website\/wp-json\/wp\/v2\/posts"}],"about":[{"href":"https:\/\/www.messinaoggi.it\/website\/wp-json\/wp\/v2\/types\/post"}],"author":[{"embeddable":true,"href":"https:\/\/www.messinaoggi.it\/website\/wp-json\/wp\/v2\/users\/18"}],"replies":[{"embeddable":true,"href":"https:\/\/www.messinaoggi.it\/website\/wp-json\/wp\/v2\/comments?post=63018"}],"version-history":[{"count":0,"href":"https:\/\/www.messinaoggi.it\/website\/wp-json\/wp\/v2\/posts\/63018\/revisions"}],"wp:featuredmedia":[{"embeddable":true,"href":"https:\/\/www.messinaoggi.it\/website\/wp-json\/wp\/v2\/media\/63019"}],"wp:attachment":[{"href":"https:\/\/www.messinaoggi.it\/website\/wp-json\/wp\/v2\/media?parent=63018"}],"wp:term":[{"taxonomy":"category","embeddable":true,"href":"https:\/\/www.messinaoggi.it\/website\/wp-json\/wp\/v2\/categories?post=63018"},{"taxonomy":"post_tag","embeddable":true,"href":"https:\/\/www.messinaoggi.it\/website\/wp-json\/wp\/v2\/tags?post=63018"}],"curies":[{"name":"wp","href":"https:\/\/api.w.org\/{rel}","templated":true}]}}