{"id":62994,"date":"2021-05-06T11:04:46","date_gmt":"2021-05-06T09:04:46","guid":{"rendered":"http:\/\/www.messinaoggi.it\/website\/?p=62994"},"modified":"2021-05-06T11:55:39","modified_gmt":"2021-05-06T09:55:39","slug":"la-paglia-denunciato-da-tutti-i-sindacati-tranne-le-cisl","status":"publish","type":"post","link":"https:\/\/www.messinaoggi.it\/website\/2021\/05\/06\/la-paglia-denunciato-da-tutti-i-sindacati-tranne-le-cisl\/","title":{"rendered":"La Paglia denunciato da tutti i sindacati, tranne la Cisl"},"content":{"rendered":"\n<p>Comportamento antisindacale. La condanna \u00e8 di ieri e giunge al termine di un procedimento promosso da tutte le organizzazioni sindacali (tranne la Cisl), per via della vicenda legata al cosiddetto Peo (Progressioni economiche orizzintali).<div id=\"div-gpt-ad-Messinaoggi.it-DSK-300x250-corpoart\" style=\"text-align:center;margin:0 auto;\"><\/div><\/p>\n\n\n\n<p>Uno smacco per Paolo La Paglia, rimosso dal suo incarico di direttore generale, gi\u00e0 dirigente sindacale della Cisl regionale.<div id=\"videoincontent\" style=\"clear:both\";><\/div><\/p>\n\n\n\n<p>Dell\u2019ormai ex manager dell\u2019Asp di Messina, oggi tornato a svolgere le sue funzioni a Caltanissetta, si continua a parlare in negativo. Esultano le organizzazioni sindacali per l\u2019ottenimento di una sentenza che \u201cinchioda\u201d alle sue responsabilit\u00e0 l\u2019ex dg dell\u2019Asp, il quale comunque a Messina ha lasciato un pezzo\u2026 di cuore, perch\u00e9 contava di proseguire la sua avventura alla guida della pi\u00f9 importante azienda sanitaria della citt\u00e0.<\/p>\n\n\n\n<p>Ma l\u2019operato di La Paglia, com\u2019\u00e8 noto, \u00e8 stato interrotto dal governatore Nello Musumeci che l\u2019ha rispedito a casa, dopo la relazione della Commissione d\u2019inchiesta, spedita in riva allo Stretto dopo le denunce della Uil per via della gestione dell\u2019emergenza sanitaria. Ivan Tripodi e Pippo Calapai avevano definito inadeguata la sua gestione e La Paglia, ospite di una trasmissione tv aveva detto di andare orgoglioso.<\/p>\n\n\n\n<p>Oggi la condanna che segna un nuovo capitolo di una gestione che si commenta da sola.<\/p>\n","protected":false},"excerpt":{"rendered":"<p>Comportamento antisindacale. La condanna \u00e8 di ieri e giunge al termine di un procedimento promosso da tutte le organizzazioni sindacali (tranne la Cisl), per via della vicenda legata al cosiddetto Peo (Progressioni economiche orizzintali). Uno smacco per Paolo La Paglia, rimosso dal suo incarico di direttore generale, gi\u00e0 dirigente sindacale della Cisl regionale. Dell\u2019ormai ex [&hellip;]<\/p>\n","protected":false},"author":2,"featured_media":29829,"comment_status":"open","ping_status":"open","sticky":false,"template":"","format":"standard","meta":{"ub_ctt_via":"","_mi_skip_tracking":false},"categories":[6],"tags":[1721,1720,593,768,141,115],"featured_image_src":"https:\/\/www.messinaoggi.it\/website\/wp-content\/uploads\/2019\/02\/paolo-la-paglia-commissario-asp-messina.jpg","author_info":{"display_name":"Redazione","author_link":"https:\/\/www.messinaoggi.it\/website\/author\/redazione\/"},"digistream_id":0,"digistream":false,"_links":{"self":[{"href":"https:\/\/www.messinaoggi.it\/website\/wp-json\/wp\/v2\/posts\/62994"}],"collection":[{"href":"https:\/\/www.messinaoggi.it\/website\/wp-json\/wp\/v2\/posts"}],"about":[{"href":"https:\/\/www.messinaoggi.it\/website\/wp-json\/wp\/v2\/types\/post"}],"author":[{"embeddable":true,"href":"https:\/\/www.messinaoggi.it\/website\/wp-json\/wp\/v2\/users\/2"}],"replies":[{"embeddable":true,"href":"https:\/\/www.messinaoggi.it\/website\/wp-json\/wp\/v2\/comments?post=62994"}],"version-history":[{"count":4,"href":"https:\/\/www.messinaoggi.it\/website\/wp-json\/wp\/v2\/posts\/62994\/revisions"}],"predecessor-version":[{"id":63005,"href":"https:\/\/www.messinaoggi.it\/website\/wp-json\/wp\/v2\/posts\/62994\/revisions\/63005"}],"wp:featuredmedia":[{"embeddable":true,"href":"https:\/\/www.messinaoggi.it\/website\/wp-json\/wp\/v2\/media\/29829"}],"wp:attachment":[{"href":"https:\/\/www.messinaoggi.it\/website\/wp-json\/wp\/v2\/media?parent=62994"}],"wp:term":[{"taxonomy":"category","embeddable":true,"href":"https:\/\/www.messinaoggi.it\/website\/wp-json\/wp\/v2\/categories?post=62994"},{"taxonomy":"post_tag","embeddable":true,"href":"https:\/\/www.messinaoggi.it\/website\/wp-json\/wp\/v2\/tags?post=62994"}],"curies":[{"name":"wp","href":"https:\/\/api.w.org\/{rel}","templated":true}]}}