{"id":62981,"date":"2021-05-06T08:22:57","date_gmt":"2021-05-06T06:22:57","guid":{"rendered":"http:\/\/www.messinaoggi.it\/website\/?p=62981"},"modified":"2021-05-06T11:49:55","modified_gmt":"2021-05-06T09:49:55","slug":"da-messina-a-donbass-arrestato-28enne-al-soldo-dei-separatisti-filo-russi","status":"publish","type":"post","link":"https:\/\/www.messinaoggi.it\/website\/2021\/05\/06\/da-messina-a-donbass-arrestato-28enne-al-soldo-dei-separatisti-filo-russi\/","title":{"rendered":"Da Messina a Donbass: preso mercenario dei separatisti filo-russi"},"content":{"rendered":"\n<p>Era al soldo dei separatisti filo-russi nell&#8217;ambito del conflitto armato in Ucraina orientale. All&#8217;alba di oggi i carabinieri del ROS, con il supporto dei Comandi provinciali territorialmente competenti, hanno eseguito un\u2019ordinanza di custodia cautelare in carcere, emessa dal GIP del Tribunale di Messina, a carico di un messinese di 28 anni (G.R. le sue iniziali), in quanto gravemente indiziato della violazione della legge 210\/1995 che ha ratificato la Convenzione internazionale di New York del 1989 sul contrasto del fenomeno dei \u201cmercenari\u201d. Il giovane, infatti, si sarebbe recato nel Donbass, nell\u2019Ucraina orientale, per servire i separatisti filo-russi in cambio di un compenso economico. <div id=\"div-gpt-ad-Messinaoggi.it-DSK-300x250-corpoart\" style=\"text-align:center;margin:0 auto;\"><\/div><\/p>\n\n\n\n<p>Le ricerche si sono svolte a Messina e Lodi, ultimi domicili del nucleo familiare del ricercato, e contestualmente sono state attivati i canali di cooperazione internazionale per l\u2019esecuzione del provvedimento all\u2019estero, ove il destinatario si sarebbe trasferito dal 2016 per svolgere quella che la Convenzione di Ginevra del 12 agosto 1949 definisce attivit\u00e0 di \u201ccombattente illegittimo\u201d.<div id=\"videoincontent\" style=\"clear:both\";><\/div><\/p>\n\n\n\n<p><strong>In Ucraina al soldo dei russi.<\/strong> Il giovane, dopo essere stato reclutato in Italia, combatteva \u2013 in cambio di un corrispettivo economico \u2013 al fianco delle milizie filo-russe nel conflitto armato che, a partire dal 2014, si \u00e8 sviluppato nel Donbass tra l&#8217;esercito ucraino e truppe filorusse, senza essere cittadino di quello Stato, n\u00e9 stabilmente residente. Gli \u00e8 stata, pertanto, contestata anche l\u2019aggravante della transnazionalit\u00e0, poich\u00e9 le condotte si inquadrano in un gruppo organizzato, impegnato in attivit\u00e0 criminali in pi\u00f9 di uno Stato.<\/p>\n\n\n\n<p><strong>Le indagini.<\/strong> I militari dell\u2019Arma hanno eseguito anche perquisizioni finalizzate alla ricerca di materiale probatorio che potrebbe definire il ruolo di eventuali facilitatori che avrebbero agevolato e sostenuto, anche finanziariamente, le attivit\u00e0 dei mercenari nel Donbass.<\/p>\n\n\n\n<p>Le indagini, avviate nel 2019 e coordinate dalla D.D.A. di Messina, diretta dal Procuratore, dottor Maurizio de Lucia, si sono avvalse anche dell\u2019analisi dei flussi finanziari internazionali e dei dati forniti da Facebook sulla base di una commissione rogatoria con gli Stati Uniti avviata dalla Procura peloritana. \u00c8 stato, in tal modo, possibile documentare che G.R. operava come combattente mercenario nella regione del Donbass, dove si era stabilito dal 2016, condividendo mediante i social network le proprie attivit\u00e0 militari con congiunti e amici, alcuni dei quali gli chiedevano consigli e indicazioni per intraprendere la medesima attivit\u00e0.<\/p>\n\n\n\n<p><strong>Il reclutamento di mercenari. <\/strong>Ha trovato, inoltre, conferma l\u2019esistenza e l\u2019operativit\u00e0 di una struttura organizzata attiva nell&#8217;area Italia &#8211; Ucraina e dedita al reclutamento e al finanziamento di mercenari destinati ad integrare le fila delle milizie separatiste filorusse nella regione del Donbass, gi\u00e0 emersa da un\u2019analoga attivit\u00e0 condotta dal R.O.S. nel 2018.<\/p>\n\n\n\n<p>Il circuito coinvolge soggetti provenienti da diverse regioni d\u2019Italia che hanno intrapreso l\u2019attivit\u00e0 di \u201ccombattenti\u201d, schierati a fianco delle milizie filorusse e contro l\u2019esercito regolare ucraino nei territori contesi delle autoproclamate repubbliche di Donetsk e Lugansk e, in tale contesto, particolarmente allarmanti sono risultati i rapporti dell\u2019indagato messinese con altri mercenari e, in particolare, con Andrea Palmeri, livornese, detto \u201cil generalissimo\u201d, gi\u00e0 destinatario di un mandato di arresto europeo in quanto ritenuto responsabile di arruolamento\/reclutamento di mercenari a scopo terroristico\/eversivo ed associazione per delinquere.<\/p>\n","protected":false},"excerpt":{"rendered":"<p>Era al soldo dei separatisti filo-russi nell&#8217;ambito del conflitto armato in Ucraina orientale. All&#8217;alba di oggi i carabinieri del ROS, con il supporto dei Comandi provinciali territorialmente competenti, hanno eseguito un\u2019ordinanza di custodia cautelare in carcere, emessa dal GIP del Tribunale di Messina, a carico di un messinese di 28 anni (G.R. le sue iniziali), [&hellip;]<\/p>\n","protected":false},"author":8,"featured_media":63002,"comment_status":"open","ping_status":"open","sticky":false,"template":"","format":"standard","meta":{"ub_ctt_via":"","_mi_skip_tracking":false},"categories":[19],"tags":[1714,1712,1713],"featured_image_src":"https:\/\/www.messinaoggi.it\/website\/wp-content\/uploads\/2021\/05\/Ivan-4.jpg","author_info":{"display_name":"red..me","author_link":"https:\/\/www.messinaoggi.it\/website\/author\/redstage\/"},"digistream_id":0,"digistream":false,"_links":{"self":[{"href":"https:\/\/www.messinaoggi.it\/website\/wp-json\/wp\/v2\/posts\/62981"}],"collection":[{"href":"https:\/\/www.messinaoggi.it\/website\/wp-json\/wp\/v2\/posts"}],"about":[{"href":"https:\/\/www.messinaoggi.it\/website\/wp-json\/wp\/v2\/types\/post"}],"author":[{"embeddable":true,"href":"https:\/\/www.messinaoggi.it\/website\/wp-json\/wp\/v2\/users\/8"}],"replies":[{"embeddable":true,"href":"https:\/\/www.messinaoggi.it\/website\/wp-json\/wp\/v2\/comments?post=62981"}],"version-history":[{"count":2,"href":"https:\/\/www.messinaoggi.it\/website\/wp-json\/wp\/v2\/posts\/62981\/revisions"}],"predecessor-version":[{"id":63003,"href":"https:\/\/www.messinaoggi.it\/website\/wp-json\/wp\/v2\/posts\/62981\/revisions\/63003"}],"wp:featuredmedia":[{"embeddable":true,"href":"https:\/\/www.messinaoggi.it\/website\/wp-json\/wp\/v2\/media\/63002"}],"wp:attachment":[{"href":"https:\/\/www.messinaoggi.it\/website\/wp-json\/wp\/v2\/media?parent=62981"}],"wp:term":[{"taxonomy":"category","embeddable":true,"href":"https:\/\/www.messinaoggi.it\/website\/wp-json\/wp\/v2\/categories?post=62981"},{"taxonomy":"post_tag","embeddable":true,"href":"https:\/\/www.messinaoggi.it\/website\/wp-json\/wp\/v2\/tags?post=62981"}],"curies":[{"name":"wp","href":"https:\/\/api.w.org\/{rel}","templated":true}]}}