{"id":62876,"date":"2021-05-05T18:56:54","date_gmt":"2021-05-05T16:56:54","guid":{"rendered":"http:\/\/www.messinaoggi.it\/website\/?p=62876"},"modified":"2021-05-05T19:21:39","modified_gmt":"2021-05-05T17:21:39","slug":"basket-al-debutto-gli-under-20-della-nuova-pallacanestro-messina-cocuzza","status":"publish","type":"post","link":"https:\/\/www.messinaoggi.it\/website\/2021\/05\/05\/basket-al-debutto-gli-under-20-della-nuova-pallacanestro-messina-cocuzza\/","title":{"rendered":"BASKET &#8211; Al debutto gli under 20 della Nuova Pallacanestro Messina Cocuzza"},"content":{"rendered":"\n<p>Al via per la Nuova Pallacanestro Messina Cocuzza anche il torneo under 20 che vedr\u00e0 impegnati gli atleti della prima squadra nati dal 2001 in poi. <div id=\"div-gpt-ad-Messinaoggi.it-DSK-300x250-corpoart\" style=\"text-align:center;margin:0 auto;\"><\/div><\/p>\n\n\n\n<p>Sotto la guida dell\u2019head coach Pizzuto (assistente coach Manzo) potranno dunque partecipare i vari atleti della prima squadra Boyanov, Crisafulli, Diakite, Diop, Fernandez, Mihajlovic, Novkovic e Vucenovic. <div id=\"videoincontent\" style=\"clear:both\";><\/div><\/p>\n\n\n\n<p>A loro si aggiungeranno i prestiti dal Minibasket Milazzo di Claudo Caliv\u00e0 (per cui la societ\u00e0 ringrazia Nello Principato) e di Alessandro Cannata dalla Life Basket Messina (per cui la societ\u00e0 ringrazia Guido Restanti). <\/p>\n\n\n\n<p>La formula \u00e8 quella del classico girone all&#8217;italiana con andata e ritorno; saranno cinque le squadre impegnate con i giallorossi che si scontreranno con club di A2 e B come Trapani, Agrigento, Torrenova e l&#8217;Orsa Barcellona.<\/p>\n\n\n\n<div class=\"wp-block-image\"><figure class=\"aligncenter size-large\"><img loading=\"lazy\" width=\"683\" height=\"1024\" src=\"https:\/\/www.messinaoggi.it\/website\/wp-content\/uploads\/2021\/05\/Emanuele_Fernandez_-_JustMary_Nuova_Pallacanestro_Messina_Cocuzza-1-683x1024.jpg\" alt=\"\" class=\"wp-image-62878\" srcset=\"https:\/\/www.messinaoggi.it\/website\/wp-content\/uploads\/2021\/05\/Emanuele_Fernandez_-_JustMary_Nuova_Pallacanestro_Messina_Cocuzza-1-683x1024.jpg 683w, https:\/\/www.messinaoggi.it\/website\/wp-content\/uploads\/2021\/05\/Emanuele_Fernandez_-_JustMary_Nuova_Pallacanestro_Messina_Cocuzza-1-200x300.jpg 200w, https:\/\/www.messinaoggi.it\/website\/wp-content\/uploads\/2021\/05\/Emanuele_Fernandez_-_JustMary_Nuova_Pallacanestro_Messina_Cocuzza-1-768x1152.jpg 768w, https:\/\/www.messinaoggi.it\/website\/wp-content\/uploads\/2021\/05\/Emanuele_Fernandez_-_JustMary_Nuova_Pallacanestro_Messina_Cocuzza-1-1024x1536.jpg 1024w, https:\/\/www.messinaoggi.it\/website\/wp-content\/uploads\/2021\/05\/Emanuele_Fernandez_-_JustMary_Nuova_Pallacanestro_Messina_Cocuzza-1.jpg 1067w\" sizes=\"(max-width: 683px) 100vw, 683px\" \/><figcaption><em><strong>Emanuele Fernandez (N.Pallacanestro Messina Cocuzza)<\/strong><\/em><\/figcaption><\/figure><\/div>\n\n\n\n<p> Le partite interne verranno disputate al Palazzetto di San Filippo del Mela.<\/p>\n\n\n\n<p><strong>Under 20 maschile silver Sicilia &#8211; girone unico<\/strong><\/p>\n\n\n\n<p>06\/05\/2021    Nuova Pallacanestro Messina Cocuzza &#8211; Fortitudo Agrigento<\/p>\n\n\n\n<p>13\/05\/2021    Nuova Pallacanestro Messina Cocuzza &#8211; Cestistica Torrenovese<\/p>\n\n\n\n<p>11\/05\/2021    Orsa Basket Barcellona &#8211; Nuova Pallacanestro Messina Cocuzza<\/p>\n\n\n\n<p>27\/05\/2021    Nuova Pallacanestro Messina Cocuzza &#8211; Pallacanestro Trapani<\/p>\n\n\n\n<p>31\/05\/2021    Fortitudo Agrigento &#8211; Nuova Pallacanestro Messina Cocuzza<\/p>\n\n\n\n<p>09\/06\/2021    Cestistica Torrenovese &#8211; Nuova Pallacanestro Messina Cocuzza<\/p>\n\n\n\n<p>17\/06\/2021    Nuova Pallacanestro Messina Cocuzza &#8211; Orsa Basket Barcellona<\/p>\n\n\n\n<p>26\/06\/2021  Pallacanestro Trapani &#8211; Nuova Pallacanestro Messina Cocuzza<\/p>\n","protected":false},"excerpt":{"rendered":"<p>Al via per la Nuova Pallacanestro Messina Cocuzza anche il torneo under 20 che vedr\u00e0 impegnati gli atleti della prima squadra nati dal 2001 in poi. Sotto la guida dell\u2019head coach Pizzuto (assistente coach Manzo) potranno dunque partecipare i vari atleti della prima squadra Boyanov, Crisafulli, Diakite, Diop, Fernandez, Mihajlovic, Novkovic e Vucenovic. A loro [&hellip;]<\/p>\n","protected":false},"author":17,"featured_media":62879,"comment_status":"open","ping_status":"open","sticky":false,"template":"","format":"standard","meta":{"ub_ctt_via":"","_mi_skip_tracking":false},"categories":[8,9],"tags":[116,1697],"featured_image_src":"https:\/\/www.messinaoggi.it\/website\/wp-content\/uploads\/2021\/05\/Budrys-in-lunetta-in-Castanea-NPMC.jpg","author_info":{"display_name":"Giuseppe Luppino","author_link":"https:\/\/www.messinaoggi.it\/website\/author\/g-luppino\/"},"digistream_id":0,"digistream":false,"_links":{"self":[{"href":"https:\/\/www.messinaoggi.it\/website\/wp-json\/wp\/v2\/posts\/62876"}],"collection":[{"href":"https:\/\/www.messinaoggi.it\/website\/wp-json\/wp\/v2\/posts"}],"about":[{"href":"https:\/\/www.messinaoggi.it\/website\/wp-json\/wp\/v2\/types\/post"}],"author":[{"embeddable":true,"href":"https:\/\/www.messinaoggi.it\/website\/wp-json\/wp\/v2\/users\/17"}],"replies":[{"embeddable":true,"href":"https:\/\/www.messinaoggi.it\/website\/wp-json\/wp\/v2\/comments?post=62876"}],"version-history":[{"count":3,"href":"https:\/\/www.messinaoggi.it\/website\/wp-json\/wp\/v2\/posts\/62876\/revisions"}],"predecessor-version":[{"id":62939,"href":"https:\/\/www.messinaoggi.it\/website\/wp-json\/wp\/v2\/posts\/62876\/revisions\/62939"}],"wp:featuredmedia":[{"embeddable":true,"href":"https:\/\/www.messinaoggi.it\/website\/wp-json\/wp\/v2\/media\/62879"}],"wp:attachment":[{"href":"https:\/\/www.messinaoggi.it\/website\/wp-json\/wp\/v2\/media?parent=62876"}],"wp:term":[{"taxonomy":"category","embeddable":true,"href":"https:\/\/www.messinaoggi.it\/website\/wp-json\/wp\/v2\/categories?post=62876"},{"taxonomy":"post_tag","embeddable":true,"href":"https:\/\/www.messinaoggi.it\/website\/wp-json\/wp\/v2\/tags?post=62876"}],"curies":[{"name":"wp","href":"https:\/\/api.w.org\/{rel}","templated":true}]}}