{"id":62745,"date":"2021-05-04T18:37:54","date_gmt":"2021-05-04T16:37:54","guid":{"rendered":"http:\/\/www.messinaoggi.it\/website\/?p=62745"},"modified":"2021-05-04T18:37:55","modified_gmt":"2021-05-04T16:37:55","slug":"azione-eolie-vaccini-accolta-nostra-richiesta","status":"publish","type":"post","link":"https:\/\/www.messinaoggi.it\/website\/2021\/05\/04\/azione-eolie-vaccini-accolta-nostra-richiesta\/","title":{"rendered":"Azione Eolie: \u201cVaccini, accolta nostra richiesta\u201d"},"content":{"rendered":"\n<p>Adesso \u00e8 ufficiale, da domani al via i vaccini alle Isole per renderle Covid-free.<div id=\"div-gpt-ad-Messinaoggi.it-DSK-300x250-corpoart\" style=\"text-align:center;margin:0 auto;\"><\/div><\/p>\n\n\n\n<p>\u201cAccogliamo con grande soddisfazione la decisione del Presidente Musumeci di aprire, da domani, alle vaccinazioni di massa per le isole minori\u201d, cos\u00ec il referente di Eolie in Azione e responsabile organizzazione provinciale messinese del partito di Calenda, Francesco De Pasquale.\u00a0<br>\u201cNon pi\u00f9 tardi di una settimana fa avevamo incalzato e chiesto a gran voce al Governo regionale di procedere in questa direzione, in considerazione delle grandi fragilit\u00e0 che caratterizzano i sistemi sanitario e infrastrutturale delle nostre isole siciliane.\u00a0<br>Due punti sui quali, certamente, la pandemia ha acceso fortemente i riflettori. E non \u00e8 pi\u00f9 tempo di nascondere la testa sotto la sabbia: certe criticit\u00e0, adesso, vanno affrontate una volta per tutte, con massima urgenza e profonda seriet\u00e0. Da troppo tempo gli isolani sono trattati, inaccettabilmente, come figli di un Dio minore\u201d, prosegue il responsabile provinciale organizzazione di Azione.<br>\u201cIntanto, applaudiamo alla scelta di buonsenso del Presidente Musumeci, auspicando una sempre maggiore attenzione per la Sicilia tutta e per i suoi territori con bisogni speciali e urgenti; e, in special modo, per quelli che sono zone di frontiera (come ad esempio Lampedusa) o i centri di grande affluenza turistica. Una politica seria non \u00e8 certamente quella che attende inerme si verifichino le tragedie prima di intervenire. Dunque, se \u00e8 possibile, tentare di ridurre i rischi (e conseguenti costi) non solo \u00e8 giusto ma assolutamente doveroso\u201d, conclude De Pasquale.<div id=\"videoincontent\" style=\"clear:both\";><\/div><\/p>\n","protected":false},"excerpt":{"rendered":"<p>Adesso \u00e8 ufficiale, da domani al via i vaccini alle Isole per renderle Covid-free. \u201cAccogliamo con grande soddisfazione la decisione del Presidente Musumeci di aprire, da domani, alle vaccinazioni di massa per le isole minori\u201d, cos\u00ec il referente di Eolie in Azione e responsabile organizzazione provinciale messinese del partito di Calenda, Francesco De Pasquale.\u00a0\u201cNon pi\u00f9 [&hellip;]<\/p>\n","protected":false},"author":2,"featured_media":62746,"comment_status":"open","ping_status":"open","sticky":false,"template":"","format":"standard","meta":{"ub_ctt_via":"","_mi_skip_tracking":false},"categories":[13,14],"tags":[1663,1664,1662,569],"featured_image_src":"https:\/\/www.messinaoggi.it\/website\/wp-content\/uploads\/2021\/05\/70121B51-7342-4203-BE8D-6C5555508233.jpeg","author_info":{"display_name":"Redazione","author_link":"https:\/\/www.messinaoggi.it\/website\/author\/redazione\/"},"digistream_id":0,"digistream":false,"_links":{"self":[{"href":"https:\/\/www.messinaoggi.it\/website\/wp-json\/wp\/v2\/posts\/62745"}],"collection":[{"href":"https:\/\/www.messinaoggi.it\/website\/wp-json\/wp\/v2\/posts"}],"about":[{"href":"https:\/\/www.messinaoggi.it\/website\/wp-json\/wp\/v2\/types\/post"}],"author":[{"embeddable":true,"href":"https:\/\/www.messinaoggi.it\/website\/wp-json\/wp\/v2\/users\/2"}],"replies":[{"embeddable":true,"href":"https:\/\/www.messinaoggi.it\/website\/wp-json\/wp\/v2\/comments?post=62745"}],"version-history":[{"count":1,"href":"https:\/\/www.messinaoggi.it\/website\/wp-json\/wp\/v2\/posts\/62745\/revisions"}],"predecessor-version":[{"id":62747,"href":"https:\/\/www.messinaoggi.it\/website\/wp-json\/wp\/v2\/posts\/62745\/revisions\/62747"}],"wp:featuredmedia":[{"embeddable":true,"href":"https:\/\/www.messinaoggi.it\/website\/wp-json\/wp\/v2\/media\/62746"}],"wp:attachment":[{"href":"https:\/\/www.messinaoggi.it\/website\/wp-json\/wp\/v2\/media?parent=62745"}],"wp:term":[{"taxonomy":"category","embeddable":true,"href":"https:\/\/www.messinaoggi.it\/website\/wp-json\/wp\/v2\/categories?post=62745"},{"taxonomy":"post_tag","embeddable":true,"href":"https:\/\/www.messinaoggi.it\/website\/wp-json\/wp\/v2\/tags?post=62745"}],"curies":[{"name":"wp","href":"https:\/\/api.w.org\/{rel}","templated":true}]}}