{"id":62686,"date":"2021-05-04T16:07:33","date_gmt":"2021-05-04T14:07:33","guid":{"rendered":"https:\/\/www.messinaoggi.it\/website\/2021\/05\/04\/la-roma-sceglie-mourinho-insieme-per-costruire-percorso-vincente\/"},"modified":"2021-05-04T16:36:31","modified_gmt":"2021-05-04T14:36:31","slug":"la-roma-sceglie-mourinho-insieme-per-costruire-percorso-vincente","status":"publish","type":"post","link":"https:\/\/www.messinaoggi.it\/website\/2021\/05\/04\/la-roma-sceglie-mourinho-insieme-per-costruire-percorso-vincente\/","title":{"rendered":"La Roma sceglie Mourinho: \u201cInsieme per costruire percorso vincente\u201d"},"content":{"rendered":"<div>ROMA (ITALPRESS) &#8211; Jos\u00e8 Mourinho torna in Italia. L&#8217;ex allenatore dell&#8217;Inter, a partire dalla prossima stagione guider\u00e0 la Roma. L&#8217;annuncio a sorpresa \u00e8 arrivato oggi, poco dopo l&#8217;ufficialit\u00e0 del divorzio a fine anno con Paulo Fonseca, connazionale dello Special One. Il club giallorosso e il tecnico portoghese hanno raggiunto un accordo fino al 30 giugno del 2024. &#8220;Siamo lieti ed emozionati di dare il benvenuto a Jos\u00e8 Mourinho nella famiglia della Roma&#8221;, hanno dichiarato il presidente Dan Friedkin e il vicepresidente Ryan Friedkin. &#8220;Jos\u00e8 \u00e8 un fuoriclasse che ha vinto trofei a ogni livello e garantir\u00e0 una leadership e un&#8217;esperienza straordinarie per il nostro ambizioso progetto. L&#8217;ingaggio di Jos\u00e8 rappresenta un grande passo in avanti nella costruzione di una mentalit\u00e0 vincente, solida e duratura, nel nostro club&#8221;.<br \/>\n&#8220;Ringrazio la famiglia Friedkin per avermi scelto a guidare questo grande club e per avermi reso parte della loro visione&#8221;, ha dichiarato Mourinho. &#8220;Dopo essermi confrontato con la propriet\u00e0 e con Tiago Pinto ho capito immediatamente quanto sia alta l&#8217;ambizione di questa societ\u00e0. Questa aspirazione e questa spinta sono le stesse che mi motivano da sempre e insieme vogliamo costruire un percorso vincente negli anni a venire &#8211; le prime parole dello &#8216;Special On\u00e8 da tecnico giallorosso -. L&#8217;incredibile passione dei tifosi della Roma mi ha convinto ad accettare l&#8217;incarico e non vedo l&#8217;ora di iniziare la prossima stagione. Allo stesso tempo, auguro a Paulo Fonseca le migliori fortune e chiedo ai media di comprendere che rilascer\u00f2 dichiarazioni solo a tempo debito. Daje Roma!&#8221;. &#8220;Quando Jos\u00e8 ci ha dato la sua disponibilit\u00e0, abbiamo immediatamente colto l&#8217;occasione per parlare con uno dei migliori allenatori di tutti i tempi&#8221;, ha dichiarato Tiago Pinto, general manager dell&#8217;area sportiva. &#8220;Siamo stati impressionati dal suo desiderio di vincere e dalla sua passione per il gioco del calcio: per lui non contano i trofei vinti in carriera ed \u00e8 sempre concentrato sul prossimo. Possiede la conoscenza, l&#8217;esperienza e la leadership per competere a tutti i livelli. Siamo consapevoli di quanto, per poter costruire un progetto sportivo di successo, siano necessari il tempo, la pazienza e le persone giuste al posto giusto. Siamo decisamente convinti che Jos\u00e8 sar\u00e0 l&#8217;allenatore perfetto per il nostro progetto, sia a breve sia a lungo termine. Tutti insieme, con la visione e l&#8217;ambizione di Dan e Ryan, costruiremo le fondamenta di una nuova Roma&#8221;.<br \/>\n(ITALPRESS).<\/div>\n<div id=\"div-gpt-ad-Messinaoggi.it-DSK-300x250-corpoart\" style=\"text-align:center;margin:0 auto;\"><\/div><\/p><div id=\"videoincontent\" style=\"clear:both\";><\/div>","protected":false},"excerpt":{"rendered":"<p>ROMA (ITALPRESS) &#8211; Jos\u00e8 Mourinho torna in Italia. L&#8217;ex allenatore dell&#8217;Inter, a partire dalla prossima stagione guider\u00e0 la Roma. L&#8217;annuncio a sorpresa \u00e8 arrivato oggi, poco dopo l&#8217;ufficialit\u00e0 del divorzio a fine anno con Paulo Fonseca, connazionale dello Special One. Il club giallorosso e il tecnico portoghese hanno raggiunto un accordo fino al 30 giugno [&hellip;]<\/p>\n","protected":false},"author":18,"featured_media":62687,"comment_status":"closed","ping_status":"closed","sticky":false,"template":"","format":"standard","meta":{"ub_ctt_via":"","_mi_skip_tracking":false},"categories":[10,446,9],"tags":[783],"featured_image_src":"https:\/\/www.messinaoggi.it\/website\/wp-content\/uploads\/2021\/05\/20210504_1348.jpg","author_info":{"display_name":"Admin","author_link":"https:\/\/www.messinaoggi.it\/website\/author\/admin\/"},"digistream_id":0,"digistream":false,"_links":{"self":[{"href":"https:\/\/www.messinaoggi.it\/website\/wp-json\/wp\/v2\/posts\/62686"}],"collection":[{"href":"https:\/\/www.messinaoggi.it\/website\/wp-json\/wp\/v2\/posts"}],"about":[{"href":"https:\/\/www.messinaoggi.it\/website\/wp-json\/wp\/v2\/types\/post"}],"author":[{"embeddable":true,"href":"https:\/\/www.messinaoggi.it\/website\/wp-json\/wp\/v2\/users\/18"}],"replies":[{"embeddable":true,"href":"https:\/\/www.messinaoggi.it\/website\/wp-json\/wp\/v2\/comments?post=62686"}],"version-history":[{"count":1,"href":"https:\/\/www.messinaoggi.it\/website\/wp-json\/wp\/v2\/posts\/62686\/revisions"}],"predecessor-version":[{"id":62692,"href":"https:\/\/www.messinaoggi.it\/website\/wp-json\/wp\/v2\/posts\/62686\/revisions\/62692"}],"wp:featuredmedia":[{"embeddable":true,"href":"https:\/\/www.messinaoggi.it\/website\/wp-json\/wp\/v2\/media\/62687"}],"wp:attachment":[{"href":"https:\/\/www.messinaoggi.it\/website\/wp-json\/wp\/v2\/media?parent=62686"}],"wp:term":[{"taxonomy":"category","embeddable":true,"href":"https:\/\/www.messinaoggi.it\/website\/wp-json\/wp\/v2\/categories?post=62686"},{"taxonomy":"post_tag","embeddable":true,"href":"https:\/\/www.messinaoggi.it\/website\/wp-json\/wp\/v2\/tags?post=62686"}],"curies":[{"name":"wp","href":"https:\/\/api.w.org\/{rel}","templated":true}]}}