{"id":62551,"date":"2021-05-04T08:00:55","date_gmt":"2021-05-04T06:00:55","guid":{"rendered":"http:\/\/www.messinaoggi.it\/website\/?p=62551"},"modified":"2021-05-04T08:10:37","modified_gmt":"2021-05-04T06:10:37","slug":"insulti-omofobi-a-studente-insorge-la-comunita-accademica","status":"publish","type":"post","link":"https:\/\/www.messinaoggi.it\/website\/2021\/05\/04\/insulti-omofobi-a-studente-insorge-la-comunita-accademica\/","title":{"rendered":"Insulti omofobi a studente, insorge la comunit\u00e0 accademica"},"content":{"rendered":"\n<p>Non si spengono le polemiche sulla vicenda che vede un docente dell&#8217;Universit\u00e0 di Messina insultare su Facebook un ragazzo con orientamenti bisessuali. Questa volta ad insorgere \u00e8 stata la stessa comunit\u00e0 accademica. Un nutrito gruppo di docenti, 57 al momento, ha firmato una lettera aperta con la quale ha preso le distanze da questo spiacevole fatto. Pubblichiamo qui di seguito il testo integrale della lettera.<div id=\"div-gpt-ad-Messinaoggi.it-DSK-300x250-corpoart\" style=\"text-align:center;margin:0 auto;\"><\/div><\/p>\n\n\n\n<p>&#8220;Con questa lettera aperta non \u00e8 nostra intenzione entrare nel merito degli aspetti giuridici di uno scontro che \u00e8 avvenuto fuori dall\u2019Universit\u00e0 e ha dunque un carattere essenzialmente privato, i cui contorni ci sfuggono e sui quali non \u00e8 nostro compito dire nulla.<div id=\"videoincontent\" style=\"clear:both\";><\/div><\/p>\n\n\n\n<p>&#8220;Tuttavia \u00e8 importante per noi affermare che, come comunit\u00e0, ci sentiamo ugualmente coinvolti. Pensiamo infatti che se le responsabilit\u00e0 dei reati sono individuali, i contesti entro cui certe vicende prendono forma non siano secondari. Il fatto che un certo tipo di violenza simbolica e discriminatoria, insieme al relativo corollario di minacce fisiche, sia stato partorito da un docente ci pone dinanzi alla fine dell\u2019illusione che gli spazi di produzione della cultura possano considerarsi immuni dall\u2019autoritarismo, dal sessismo e da una moltitudine di altre forme possibili di discriminazione. Questa vicenda, dunque, costringe la comunit\u00e0 scientifica \u2013 che \u00e8 anche comunit\u00e0 di formazione alla cittadinanza \u2013 a riflettere seriamente sui propri limiti e sulle proprie responsabilit\u00e0.<\/p>\n\n\n\n<p>&#8220;Con questo comunicato vogliamo affermare che il corpo docente dell\u2019Universit\u00e0 di Messina respinge discorsi, ideologie e politiche volti a discriminare e disseminare odio sulla base delle caratteristiche personali, di orientamento sessuale, di nazionalit\u00e0 e di credo. E si dichiara altres\u00ec sensibile alle questioni dell&#8217;uguaglianza, in materia di genere cos\u00ec come di accesso ai diritti in ogni ambito del sociale. In primo luogo quando tali questioni si pongono entro quell&#8217;Ateneo che costituisce il centro del lavoro intellettuale e della missione di formazione perseguiti dai suoi membri.<\/p>\n\n\n\n<p>&#8220;Contemporaneamente chiediamo al Rettore di volere istituire un tavolo di riflessione su quegli interventi di ordine culturale, politico e auto-formativo che possano servire a sensibilizzare ulteriormente docenti, studentesse, studenti e personale amministrativo intorno alla svolta epocale che le questioni relativi ai generi \u2013 cos\u00ec come le molte altre che stanno stravolgendo ordini, concezioni e gerarchie consolidate \u2013 pongono alla nostra comunit\u00e0, richiedendole di lavorare per garantire piena inclusione e pieni diritti per tutti e tutte&#8221;. <\/p>\n\n\n\n<p>Primi firmatari<br>1.     Pietro Saitta<br>2.     Maria Foti<br>3.     Salvatore Bottari<br>4.     Salvatore Distefano<br>5.     Daniela Caccamo<br>6.     Valentina Cardella<br>7.     Fabio Rossi<br>8.     Maria Rosa Felice<br>9.     Domenica Farinella<br>10.  Francesco Longo<br>11.  Dino Costa<br>12.  Fabio Mostaccio<br>13.  Pier Luca Marzo<br>14.  Berardino Palumbo<br>15.  Edoardo Augusto Fugali<br>16.  Francesco Paolo Campione<br>17.  Mario Graziano<br>18.  Paola Di Mauro<br>19.  Antonino Bucca<br>20.  Rosalia Cavalieri<br>21.  Maria Clara Nucci<br>22.  Bruno Ricca<br>23.  Alessio Plebe<br>24.  Paolo Giuspoli<br>25.  Francesco Parisi<br>26.  Vincenzo Cicero<br>27.  Domenica Bruni<br>28.  Aldo Attilio Epasto<br>29.  David Carf\u00ec<br>30.  Patrizia Accordino<br>31.  Francesco Martines<br>32.  Francesca Panuccio<br>33.  Michele Messina<br>34.  Giacomo Fiumara<br>35.  Alessandro Tripodo<br>36.  Giovanni Francesco Pellican\u00f2<br>37.  Daniela Caccamo<br>38.  Paola Cardiano<br>39.  Giovanni Merlino<br>40.  Anna Barattucci<br>41.  Adriana Tisano<br>42.  Gabriele Lando<br>43.  Angela Villani<br>44.  Antonino Pennisi<br>45.  Nicola Aric\u00f2<br>46.  Amelia Gangemi<br>47.  Donatello Smeriglio<br>48.  Alessandro Versace<br>49.  Milena Meo<br>50.  Liliana Silva<br>51.  Francesco Zanotelli<br>52.  Anna Assenza<br>53.  Andrea Biagiotti<br>54.  Valentina Cuccio<br>55.  Tiziana Tarsia<br>56.  Nicola Cicero<br>57.   Lorenzo Campagna<\/p>\n","protected":false},"excerpt":{"rendered":"<p>Non si spengono le polemiche sulla vicenda che vede un docente dell&#8217;Universit\u00e0 di Messina insultare su Facebook un ragazzo con orientamenti bisessuali. Questa volta ad insorgere \u00e8 stata la stessa comunit\u00e0 accademica. Un nutrito gruppo di docenti, 57 al momento, ha firmato una lettera aperta con la quale ha preso le distanze da questo spiacevole [&hellip;]<\/p>\n","protected":false},"author":8,"featured_media":10361,"comment_status":"open","ping_status":"open","sticky":false,"template":"","format":"standard","meta":{"ub_ctt_via":"","_mi_skip_tracking":false},"categories":[6],"tags":[1623,53],"featured_image_src":"https:\/\/www.messinaoggi.it\/website\/wp-content\/uploads\/2017\/10\/universita-messinaRRP_1726.jpg","author_info":{"display_name":"red..me","author_link":"https:\/\/www.messinaoggi.it\/website\/author\/redstage\/"},"digistream_id":0,"digistream":false,"_links":{"self":[{"href":"https:\/\/www.messinaoggi.it\/website\/wp-json\/wp\/v2\/posts\/62551"}],"collection":[{"href":"https:\/\/www.messinaoggi.it\/website\/wp-json\/wp\/v2\/posts"}],"about":[{"href":"https:\/\/www.messinaoggi.it\/website\/wp-json\/wp\/v2\/types\/post"}],"author":[{"embeddable":true,"href":"https:\/\/www.messinaoggi.it\/website\/wp-json\/wp\/v2\/users\/8"}],"replies":[{"embeddable":true,"href":"https:\/\/www.messinaoggi.it\/website\/wp-json\/wp\/v2\/comments?post=62551"}],"version-history":[{"count":5,"href":"https:\/\/www.messinaoggi.it\/website\/wp-json\/wp\/v2\/posts\/62551\/revisions"}],"predecessor-version":[{"id":62574,"href":"https:\/\/www.messinaoggi.it\/website\/wp-json\/wp\/v2\/posts\/62551\/revisions\/62574"}],"wp:featuredmedia":[{"embeddable":true,"href":"https:\/\/www.messinaoggi.it\/website\/wp-json\/wp\/v2\/media\/10361"}],"wp:attachment":[{"href":"https:\/\/www.messinaoggi.it\/website\/wp-json\/wp\/v2\/media?parent=62551"}],"wp:term":[{"taxonomy":"category","embeddable":true,"href":"https:\/\/www.messinaoggi.it\/website\/wp-json\/wp\/v2\/categories?post=62551"},{"taxonomy":"post_tag","embeddable":true,"href":"https:\/\/www.messinaoggi.it\/website\/wp-json\/wp\/v2\/tags?post=62551"}],"curies":[{"name":"wp","href":"https:\/\/api.w.org\/{rel}","templated":true}]}}