{"id":6248,"date":"2017-08-10T17:27:21","date_gmt":"2017-08-10T15:27:21","guid":{"rendered":"http:\/\/www.messinaoggi.it\/website\/?p=6248"},"modified":"2017-08-10T17:27:21","modified_gmt":"2017-08-10T15:27:21","slug":"la-rotatoria-di-muricello-sara-intitolata-alle-vittime-della-strada-e-sul-lavoro","status":"publish","type":"post","link":"https:\/\/www.messinaoggi.it\/website\/2017\/08\/10\/la-rotatoria-di-muricello-sara-intitolata-alle-vittime-della-strada-e-sul-lavoro\/","title":{"rendered":"La rotatoria di Muricello sar\u00e0 intitolata alle vittime della strada e sul lavoro"},"content":{"rendered":"<p>Sabato alle 10.30, presso la piazza La Corte Cailler, verr\u00e0 inaugurata dai tiratori della Vara di Messina, in collaborazione con &#8220;Caronte &amp; Tourist&#8221; ed i commercianti del luogo, la rotatoria di piazza Muricello che verr\u00e0 intitolata a tutte le vittime della strada e sul lavoro.<br \/>\nL\u2019iniziativa rappresenta la naturale conseguenza dell\u2019adozione precedentemente fatta il 7 ottobre 2016 dagli stessi tiratori della Vara di una piccola aiuola presente nell\u2019area ed intitolata a Lorena Mangano, la giovane orlandina venuta a mancare il 28 giugno 2016, in conseguenza di un gravissimo incidente stradale avvenuto in via Garibaldi.<br \/>\nIl recupero della rotatoria ha visto anche la riattivazione della fontana annessa non pi\u00f9 funzionante da parecchi anni. L\u2019intervento \u00e8 stato eseguito dalle maestranze del gruppo Caronte &amp; Tourist. La Societ\u00e0 armatoriale, che si occuper\u00e0 anche della manutenzione ordinaria, ha cos\u00ec restituito alla collettivit\u00e0 la fruizione di un bene comune che versava in completo abbandono. Saranno presenti oltre i familiari di Lorena Mangano anche i genitori di Rosario Costa e Rebecca Lazzarini in rappresentanza simbolica di tutte le vittime della strada. \u00a0 Sono state coinvolte e presenzieranno all\u2019evento anche le associazioni AIFVS nella figura della p<u>residente Giuseppa Cassaniti Mastrojeni<\/u> ed \u201cAngeli sull\u2019asfalto\u201d\u00a0di\u00a0<u>Lucilla Barbasini.<\/u><br \/>\nAll\u2019intitolazione dell\u2019area verde sono stati invitati il presidente del Consiglio comunale di Messina, Emilia Barrile, i componenti del Comitato Vara e l\u2019arch. Nino Principato.<div id=\"div-gpt-ad-Messinaoggi.it-DSK-300x250-corpoart\" style=\"text-align:center;margin:0 auto;\"><\/div><\/p>\n<div id=\"videoincontent\" style=\"clear:both\";><\/div>","protected":false},"excerpt":{"rendered":"<p>Sabato alle 10.30, presso la piazza La Corte Cailler, verr\u00e0 inaugurata dai tiratori della Vara di Messina, in collaborazione con &#8220;Caronte &amp; Tourist&#8221; ed i commercianti del luogo, la rotatoria di piazza Muricello che verr\u00e0 intitolata a tutte le vittime della strada e sul lavoro. L\u2019iniziativa rappresenta la naturale conseguenza dell\u2019adozione precedentemente fatta il 7 [&hellip;]<\/p>\n","protected":false},"author":2,"featured_media":6250,"comment_status":"closed","ping_status":"open","sticky":false,"template":"","format":"standard","meta":{"ub_ctt_via":"","_mi_skip_tracking":false},"categories":[5],"tags":[],"featured_image_src":"https:\/\/www.messinaoggi.it\/website\/wp-content\/uploads\/2017\/08\/morte-lorena-mangano-2.jpg","author_info":{"display_name":"Redazione","author_link":"https:\/\/www.messinaoggi.it\/website\/author\/redazione\/"},"digistream_id":0,"digistream":false,"_links":{"self":[{"href":"https:\/\/www.messinaoggi.it\/website\/wp-json\/wp\/v2\/posts\/6248"}],"collection":[{"href":"https:\/\/www.messinaoggi.it\/website\/wp-json\/wp\/v2\/posts"}],"about":[{"href":"https:\/\/www.messinaoggi.it\/website\/wp-json\/wp\/v2\/types\/post"}],"author":[{"embeddable":true,"href":"https:\/\/www.messinaoggi.it\/website\/wp-json\/wp\/v2\/users\/2"}],"replies":[{"embeddable":true,"href":"https:\/\/www.messinaoggi.it\/website\/wp-json\/wp\/v2\/comments?post=6248"}],"version-history":[{"count":0,"href":"https:\/\/www.messinaoggi.it\/website\/wp-json\/wp\/v2\/posts\/6248\/revisions"}],"wp:featuredmedia":[{"embeddable":true,"href":"https:\/\/www.messinaoggi.it\/website\/wp-json\/wp\/v2\/media\/6250"}],"wp:attachment":[{"href":"https:\/\/www.messinaoggi.it\/website\/wp-json\/wp\/v2\/media?parent=6248"}],"wp:term":[{"taxonomy":"category","embeddable":true,"href":"https:\/\/www.messinaoggi.it\/website\/wp-json\/wp\/v2\/categories?post=6248"},{"taxonomy":"post_tag","embeddable":true,"href":"https:\/\/www.messinaoggi.it\/website\/wp-json\/wp\/v2\/tags?post=6248"}],"curies":[{"name":"wp","href":"https:\/\/api.w.org\/{rel}","templated":true}]}}