{"id":62474,"date":"2021-05-03T16:07:33","date_gmt":"2021-05-03T14:07:33","guid":{"rendered":"https:\/\/www.messinaoggi.it\/website\/2021\/05\/03\/ue-sassoli-per-il-dopo-covid-riforma-del-patto-di-stabilita\/"},"modified":"2021-05-03T16:46:35","modified_gmt":"2021-05-03T14:46:35","slug":"ue-sassoli-per-il-dopo-covid-riforma-del-patto-di-stabilita","status":"publish","type":"post","link":"https:\/\/www.messinaoggi.it\/website\/2021\/05\/03\/ue-sassoli-per-il-dopo-covid-riforma-del-patto-di-stabilita\/","title":{"rendered":"Ue, Sassoli \u201cPer il dopo Covid riforma del Patto di Stabilit\u00e0\u201d"},"content":{"rendered":"<div>ROMA (ITALPRESS) &#8211; &#8220;L&#8217;emergenza Covid ha aiutato l&#8217;Europa ad avere una politica di solidariet\u00e0, in particolare per la messa in campo di strumenti eccezionali. La scommessa sul green deal e l&#8217;idea della sostenibilit\u00e0 sociale e ambientale hanno consentito all&#8217;Unione europea di dare risposte, nel momento si cui i \u00e8 verificata la crisi del Covid. Adesso dobbiamo proseguire, e trovare degli strumenti che ci allontanino ancora di pi\u00f9 dalle regole del passato, perch\u00e8 indietro non torneremo. Ecco perch\u00e8 il patto di Stabilit\u00e0 e Crescita non deve essere solo sospeso, deve essere riformato. Quelle regole non funzionano pi\u00f9&#8221;. Lo ha detto parlando a Radio Immagina il presidente del Parlamento europeo, David Sassoli, a margine dell&#8217;iniziativa &#8220;Our Europe, our future&#8221; che si \u00e8 tenuta al Nazareno per il lancio della Conferenza sul futuro dell&#8217;Europa.<br \/>\n&#8220;Dal Covid &#8211; ha spiegato Sassoli &#8211; si pu\u00f2 uscire tutti insieme e nessuno deve rimanere indietro, per questo abbiamo bisogno di ripensare a molte competenze dell&#8217;Ue. Una per tutte: dobbiamo avere una politica sanitaria europea, credo che il Covid ci dia questa lezione&#8221;.<br \/>\nA proposito della messa al bando da parte della Federazione Russa, Sassoli ha affermato: &#8220;Non avevo chiesto di andare in Russia, dunque non c&#8217;\u00e8 nessuna questione personale. E&#8217; evidente che stiamo parlando di un attacco politico all&#8217;istituzione che rappresento, molto impegnata nella difesa dei diritti umani in particolare sulle questioni dell&#8217;opposizione russa. Vogliamo che Alexei Navalny venga liberato presto, e naturalmente non \u00e8 con queste sanzioni che ci tapperanno la bocca&#8221;.<br \/>\n&#8220;Siamo in un momento di svolta e di grave difficolt\u00e0 per le nostre societ\u00e0, servirebbe collaborazione e non aumento del conflitto&#8221;, ha concluso Sassoli.<br \/>\n(ITALPRESS).<\/div>\n<div id=\"div-gpt-ad-Messinaoggi.it-DSK-300x250-corpoart\" style=\"text-align:center;margin:0 auto;\"><\/div><\/p><div id=\"videoincontent\" style=\"clear:both\";><\/div>","protected":false},"excerpt":{"rendered":"<p>ROMA (ITALPRESS) &#8211; &#8220;L&#8217;emergenza Covid ha aiutato l&#8217;Europa ad avere una politica di solidariet\u00e0, in particolare per la messa in campo di strumenti eccezionali. La scommessa sul green deal e l&#8217;idea della sostenibilit\u00e0 sociale e ambientale hanno consentito all&#8217;Unione europea di dare risposte, nel momento si cui i \u00e8 verificata la crisi del Covid. Adesso [&hellip;]<\/p>\n","protected":false},"author":18,"featured_media":62475,"comment_status":"closed","ping_status":"closed","sticky":false,"template":"","format":"standard","meta":{"ub_ctt_via":"","_mi_skip_tracking":false},"categories":[446],"tags":[783],"featured_image_src":"https:\/\/www.messinaoggi.it\/website\/wp-content\/uploads\/2021\/05\/20210503_1289.jpg","author_info":{"display_name":"Admin","author_link":"https:\/\/www.messinaoggi.it\/website\/author\/admin\/"},"digistream_id":0,"digistream":false,"_links":{"self":[{"href":"https:\/\/www.messinaoggi.it\/website\/wp-json\/wp\/v2\/posts\/62474"}],"collection":[{"href":"https:\/\/www.messinaoggi.it\/website\/wp-json\/wp\/v2\/posts"}],"about":[{"href":"https:\/\/www.messinaoggi.it\/website\/wp-json\/wp\/v2\/types\/post"}],"author":[{"embeddable":true,"href":"https:\/\/www.messinaoggi.it\/website\/wp-json\/wp\/v2\/users\/18"}],"replies":[{"embeddable":true,"href":"https:\/\/www.messinaoggi.it\/website\/wp-json\/wp\/v2\/comments?post=62474"}],"version-history":[{"count":1,"href":"https:\/\/www.messinaoggi.it\/website\/wp-json\/wp\/v2\/posts\/62474\/revisions"}],"predecessor-version":[{"id":62488,"href":"https:\/\/www.messinaoggi.it\/website\/wp-json\/wp\/v2\/posts\/62474\/revisions\/62488"}],"wp:featuredmedia":[{"embeddable":true,"href":"https:\/\/www.messinaoggi.it\/website\/wp-json\/wp\/v2\/media\/62475"}],"wp:attachment":[{"href":"https:\/\/www.messinaoggi.it\/website\/wp-json\/wp\/v2\/media?parent=62474"}],"wp:term":[{"taxonomy":"category","embeddable":true,"href":"https:\/\/www.messinaoggi.it\/website\/wp-json\/wp\/v2\/categories?post=62474"},{"taxonomy":"post_tag","embeddable":true,"href":"https:\/\/www.messinaoggi.it\/website\/wp-json\/wp\/v2\/tags?post=62474"}],"curies":[{"name":"wp","href":"https:\/\/api.w.org\/{rel}","templated":true}]}}