{"id":62414,"date":"2021-05-03T12:37:11","date_gmt":"2021-05-03T10:37:11","guid":{"rendered":"http:\/\/www.messinaoggi.it\/website\/?p=62414"},"modified":"2021-05-03T13:22:05","modified_gmt":"2021-05-03T11:22:05","slug":"slalom-emanuele-schillace-si-aggiudica-lo-slalom-rocca-di-novara","status":"publish","type":"post","link":"https:\/\/www.messinaoggi.it\/website\/2021\/05\/03\/slalom-emanuele-schillace-si-aggiudica-lo-slalom-rocca-di-novara\/","title":{"rendered":"SLALOM &#8211; Emanuele Schillace si aggiudica lo Slalom Rocca di Novara"},"content":{"rendered":"\n<p>Emanuele Schillace vince per la terza volta lo Slalom Rocca di Novara, primo appuntamento del Campionato Italiano Slalom e quinta prova del Campionato Siciliano di specialit\u00e0, organizzato da Top Competition, corsosi questo fine settimana a Novara di Sicilia, uno dei Borghi pi\u00f9 belli d\u2019Italia che ha accolto con il consueto entusiasmo la 26^ edizione. <div id=\"div-gpt-ad-Messinaoggi.it-DSK-300x250-corpoart\" style=\"text-align:center;margin:0 auto;\"><\/div><\/p>\n\n\n\n<p>A dare il benvenuto ai 146 driver al via, unitamente agli organizzatori di Top Competition, anche il primo cittadino Gino Bertolami a conferma di quanto l\u2019evento sportivo sia radicato nel suo ospitale territorio. <div id=\"videoincontent\" style=\"clear:both\";><\/div><\/p>\n\n\n\n<p>Schillace, giovane messinese alfiere della T.M. Racing su Radical SR4, ha conquistato l\u2019alloro della competizione finita al termine della seconda delle tre manches in programma a causa della nebbia che si \u00e8 addensata sul percorso. Il vincitore ha brillato quindi gi\u00e0 nella prima prova, quando un asfalto ancora tiepido gli ha consentito di \u201caggredire\u201d i 3 km e 250 metri dello spettacolare percorso, allestito sulla SS. 185 mettendo a frutto le modifiche d\u2019assetto della sua monoposto utilizzando anche i riferimenti dell\u2019anno scorso e conquistando un brillante crono di 2&#8217;19&#8221; e 76 centesimi, attraverso le 14 postazioni di rallentamento tra i birilli.  <\/p>\n\n\n\n<div class=\"wp-block-image\"><figure class=\"aligncenter size-large\"><img loading=\"lazy\" width=\"641\" height=\"330\" src=\"https:\/\/www.messinaoggi.it\/website\/wp-content\/uploads\/2021\/05\/Schillace-Emanuele.jpg\" alt=\"\" class=\"wp-image-62418\" srcset=\"https:\/\/www.messinaoggi.it\/website\/wp-content\/uploads\/2021\/05\/Schillace-Emanuele.jpg 641w, https:\/\/www.messinaoggi.it\/website\/wp-content\/uploads\/2021\/05\/Schillace-Emanuele-300x154.jpg 300w\" sizes=\"(max-width: 641px) 100vw, 641px\" \/><figcaption><em><strong>Il messinese Emanuele Schillace, vincitore della gara<\/strong><\/em><\/figcaption><\/figure><\/div>\n\n\n\n<p>\u201c<em>Sono felicissimo di questa vittoria<\/em> &#8211; dice Schillace &#8211; <em>ottenuta anche grazie al gran lavoro del mio team. Peccato per il meteo che non ci ha consentito di poter disputare anche la terza manche. Voglio fare i complimenti agli organizzatori per aver allestito un percorso al top\u201d. <\/em><\/p>\n\n\n\n<p>Schillace \u00e8 stato in lotta con il trapanese Girolamo Ingardia su Ghipard preparata in house che ha affrontato la prima manche con molta sicurezza sebbene con gomme rodate. Tra i due appena 20 i centesimi di distacco. Ingardia ha poi rinunciato alla seconda manche; dopo una toccata ad un birillo alla seconda barriera, il trapanese infatti ha preferito non proseguire e fermarsi, forte dell\u2019ottimo crono ottenuto in precedenza. Per lui bottino pieno tra le vetture di formula nel Campionato Siciliano. <\/p>\n\n\n\n<div class=\"wp-block-image\"><figure class=\"aligncenter size-large\"><img loading=\"lazy\" width=\"1024\" height=\"683\" src=\"https:\/\/www.messinaoggi.it\/website\/wp-content\/uploads\/2021\/05\/girolamo_ingardia-1024x683.jpg\" alt=\"\" class=\"wp-image-62416\" srcset=\"https:\/\/www.messinaoggi.it\/website\/wp-content\/uploads\/2021\/05\/girolamo_ingardia-1024x683.jpg 1024w, https:\/\/www.messinaoggi.it\/website\/wp-content\/uploads\/2021\/05\/girolamo_ingardia-300x200.jpg 300w, https:\/\/www.messinaoggi.it\/website\/wp-content\/uploads\/2021\/05\/girolamo_ingardia-768x512.jpg 768w, https:\/\/www.messinaoggi.it\/website\/wp-content\/uploads\/2021\/05\/girolamo_ingardia-1536x1024.jpg 1536w, https:\/\/www.messinaoggi.it\/website\/wp-content\/uploads\/2021\/05\/girolamo_ingardia-2048x1365.jpg 2048w\" sizes=\"(max-width: 1024px) 100vw, 1024px\" \/><figcaption><em><strong>Girolamo Ingardia, secondo classificato, su Ghipard<\/strong><\/em><\/figcaption><\/figure><\/div>\n\n\n\n<p>\u201c<em>E\u2019 stata una bella gara<\/em> &#8211; ha detto Ingardia &#8211; <em>la vettura andava benissimo. Ho affrontato la prima manche con gomme rodate e ho preferito non prendere rischi. Nella seconda, sebbene avessi messo gomme nuove che mi davano grandissima sicurezza, una toccata ad un birillo ha compromesso il mio tentativo, cos\u00ec ho preferito fermarmi, forte del crono ottenuto nella prima manche. Faccio i complimenti a Emanuele Schillace per la bella vittoria<\/em>\u201d. <\/p>\n\n\n\n<p>A completare il podio il molisano pluri campione italiano Fabio Emanuele su Osella PA9\/90 motorizzata Alfa Romeo della Campobasso Corse. Il molisano ha centrato le migliori regolazioni della sua biposto di Casse E2 SC 2000 intervenendo sull\u2019assetto reso pi\u00f9 rigido per per ottimizzare la buona trazione del percorso. <\/p>\n\n\n\n<div class=\"wp-block-image\"><figure class=\"aligncenter size-large\"><img loading=\"lazy\" width=\"1024\" height=\"683\" src=\"https:\/\/www.messinaoggi.it\/website\/wp-content\/uploads\/2021\/05\/fabio_emanuele-1024x683.jpg\" alt=\"\" class=\"wp-image-62417\" srcset=\"https:\/\/www.messinaoggi.it\/website\/wp-content\/uploads\/2021\/05\/fabio_emanuele-1024x683.jpg 1024w, https:\/\/www.messinaoggi.it\/website\/wp-content\/uploads\/2021\/05\/fabio_emanuele-300x200.jpg 300w, https:\/\/www.messinaoggi.it\/website\/wp-content\/uploads\/2021\/05\/fabio_emanuele-768x512.jpg 768w, https:\/\/www.messinaoggi.it\/website\/wp-content\/uploads\/2021\/05\/fabio_emanuele-1536x1024.jpg 1536w, https:\/\/www.messinaoggi.it\/website\/wp-content\/uploads\/2021\/05\/fabio_emanuele-2048x1365.jpg 2048w\" sizes=\"(max-width: 1024px) 100vw, 1024px\" \/><figcaption><em><strong>Fabio Emanuele su Osella PA9\/90 \u00e8 il terzo classificato<\/strong><\/em><\/figcaption><\/figure><\/div>\n\n\n\n<p>\u201c<em>La macchina andava benissimo<\/em> &#8211; ha detto Emanuele &#8211; <em>sono molto soddisfatto del lavoro del team e devo dire di essermi molto divertito su questo percorso dall\u2019ottimo grip. Poi la Sicilia si mostra sempre terra dalla grande qualit\u00e0 organizzativa\u201d.<\/em><\/p>\n\n\n\n<p>Ai piedi del podio, Il giovane catanese della scuderia messinese T.M. Racing del patron Giovanni Vinci, Michele Puglisi, alla ricerca del giusto feeling tra la sua Radical SR4 e il percorso di Novara. <\/p>\n\n\n\n<p>Quinto assoluto \u00e8 il mazarese Giuseppe Giammetta che \u00e8 stato capace con la sua Gloria con propulsore Yamaha di puntare al meglio sull\u2019agilit\u00e0 della vettura piazzandosi davanti a personaggi del calibro di Luigi Vinaccia, sesto assoluto sulla fida Osella PA9\/90 Honda sulla quale ha patito non pochi problemi tecnici, tra cui noie all\u2019alternatore. Settima piazza assoluta per l\u2019imprenditore di Floridia Antonio Lastrina sulla Radical Prosport 1600 della Street Racers nell\u2019affollato gruppo E2SC. Ottavo \u00e8 il saccense Nino Di Matteo su Formula Gloria 8CF con la quale ha primeggiato in Classe E2SS 1600. <\/p>\n\n\n\n<p>A completare la top ten il campano Salvatore Venanzio (nono) su Radical SR4 Suzuki che probabilmente anche a causa dell\u2019utilizzo di gomme rodate ha commesso qualche errore di guida in ambedue le manches toccando birilli che gli sono valsi penalit\u00e0. Decimo assoluto \u00e8 l\u2019esperto pilota della zona Salvatore Bellini su Radical Prosport Suzuki. A ridosso della Top Ten, quindi undicesimo assoluto si \u00e8 classificato il torinese Andrea Grammatico, arrivato in Sicilia per conquistare punti per il Tricolore sulla Radical SR4. <\/p>\n\n\n\n<p>Nei Gruppi, miglior tempo tra le E1 Italia per Giuseppe Messina su Renault Clio RS, sedicesimo assoluto. Tra le vetture Turismo, l\u2019acuto (19^ piazza assoluta) \u00e8 del calabrese Agostino Fallara sulla spettacolare Fiat 127 che ha trovato un ottimo feeling con il percorso gi\u00e0 nella prima manche di gara. Antonio De Giorgio, il pi\u00f9 veloce tra le vetture silhouette del Gruppo E2 SH su Fiat 126 Suzuki del Team del Mago. Luca Ferro, su Renault 5 GT Turbo, chiude la manche primo tra le vetture del Gruppo Speciale Slalom Classe S7, mentre la lady di casa Angelica Giamboi sull\u2019inseparabile Fiat X1\/9 \u00e8 stata la migliore in classe S5 e si \u00e8 aggiudicata la classifica in rosa. <\/p>\n\n\n\n<p>Alessandro Tortora, su Renault Clio RS della Tramonti Corse, che si ripete tra le Gruppo N in classe 2000. Antonello Costa \u00e8 primo tra le Gruppo A su Peugeot 106 con il primato in Classe 1600, mentre il primato tra le 1400 \u00e8 andato ad Alessio Giovanni Truscello su Peugeot 106. <\/p>\n\n\n\n<div class=\"wp-block-image\"><figure class=\"aligncenter size-large is-resized\"><img loading=\"lazy\" src=\"https:\/\/www.messinaoggi.it\/website\/wp-content\/uploads\/2021\/05\/hqdefault.jpg\" alt=\"\" class=\"wp-image-62420\" width=\"580\" height=\"435\" srcset=\"https:\/\/www.messinaoggi.it\/website\/wp-content\/uploads\/2021\/05\/hqdefault.jpg 480w, https:\/\/www.messinaoggi.it\/website\/wp-content\/uploads\/2021\/05\/hqdefault-300x225.jpg 300w\" sizes=\"(max-width: 580px) 100vw, 580px\" \/><figcaption><em><strong>Giovanni Greco su Fiat 500, vincitore del gruppo Racing Start<\/strong><\/em><\/figcaption><\/figure><\/div>\n\n\n\n<p>L\u2019esperto messinese Giovanni Greco, su Fiat 500, ha svettato invece tra le piccole e \u201cpepate\u201d bicilindriche. Il siciliano abitante a Catanzaro Bartolo Maurizio Fazio su Suzuki Swift della Scuderia Aspromonte \u00e8 stato il vincitore del gruppo Racing Start, mentre a vincere la Racing Start Plus \u00e8 stato Angelo Vitrano della Misilmeri Racing su Peugeot 106. <\/p>\n\n\n\n<p>La competizione, diretta dal nisseno Michele Vecchio, affiancato da Ernesto Cinquetti, si \u00e8 disputata in assenza di pubblico in aderenza ai rigidi protocolli ministeriali e federali per il contenimento della diffusione del coronavirus e non ha registrato particolari interruzioni.<\/p>\n","protected":false},"excerpt":{"rendered":"<p>Emanuele Schillace vince per la terza volta lo Slalom Rocca di Novara, primo appuntamento del Campionato Italiano Slalom e quinta prova del Campionato Siciliano di specialit\u00e0, organizzato da Top Competition, corsosi questo fine settimana a Novara di Sicilia, uno dei Borghi pi\u00f9 belli d\u2019Italia che ha accolto con il consueto entusiasmo la 26^ edizione. A [&hellip;]<\/p>\n","protected":false},"author":17,"featured_media":62415,"comment_status":"open","ping_status":"open","sticky":false,"template":"","format":"standard","meta":{"ub_ctt_via":"","_mi_skip_tracking":false},"categories":[8,9],"tags":[1619],"featured_image_src":"https:\/\/www.messinaoggi.it\/website\/wp-content\/uploads\/2021\/05\/emanuele_schillace_-scaled.jpg","author_info":{"display_name":"Giuseppe Luppino","author_link":"https:\/\/www.messinaoggi.it\/website\/author\/g-luppino\/"},"digistream_id":0,"digistream":false,"_links":{"self":[{"href":"https:\/\/www.messinaoggi.it\/website\/wp-json\/wp\/v2\/posts\/62414"}],"collection":[{"href":"https:\/\/www.messinaoggi.it\/website\/wp-json\/wp\/v2\/posts"}],"about":[{"href":"https:\/\/www.messinaoggi.it\/website\/wp-json\/wp\/v2\/types\/post"}],"author":[{"embeddable":true,"href":"https:\/\/www.messinaoggi.it\/website\/wp-json\/wp\/v2\/users\/17"}],"replies":[{"embeddable":true,"href":"https:\/\/www.messinaoggi.it\/website\/wp-json\/wp\/v2\/comments?post=62414"}],"version-history":[{"count":3,"href":"https:\/\/www.messinaoggi.it\/website\/wp-json\/wp\/v2\/posts\/62414\/revisions"}],"predecessor-version":[{"id":62438,"href":"https:\/\/www.messinaoggi.it\/website\/wp-json\/wp\/v2\/posts\/62414\/revisions\/62438"}],"wp:featuredmedia":[{"embeddable":true,"href":"https:\/\/www.messinaoggi.it\/website\/wp-json\/wp\/v2\/media\/62415"}],"wp:attachment":[{"href":"https:\/\/www.messinaoggi.it\/website\/wp-json\/wp\/v2\/media?parent=62414"}],"wp:term":[{"taxonomy":"category","embeddable":true,"href":"https:\/\/www.messinaoggi.it\/website\/wp-json\/wp\/v2\/categories?post=62414"},{"taxonomy":"post_tag","embeddable":true,"href":"https:\/\/www.messinaoggi.it\/website\/wp-json\/wp\/v2\/tags?post=62414"}],"curies":[{"name":"wp","href":"https:\/\/api.w.org\/{rel}","templated":true}]}}