{"id":62385,"date":"2021-05-03T11:07:39","date_gmt":"2021-05-03T09:07:39","guid":{"rendered":"https:\/\/www.messinaoggi.it\/website\/2021\/05\/03\/marotta-vogliamo-che-conte-resti-non-ce-un-piano-b\/"},"modified":"2021-05-03T11:07:39","modified_gmt":"2021-05-03T09:07:39","slug":"marotta-vogliamo-che-conte-resti-non-ce-un-piano-b","status":"publish","type":"post","link":"https:\/\/www.messinaoggi.it\/website\/2021\/05\/03\/marotta-vogliamo-che-conte-resti-non-ce-un-piano-b\/","title":{"rendered":"Marotta \u201cVogliamo che Conte resti, non c\u2019\u00e8 un piano B\u201d"},"content":{"rendered":"<div>MILANO (ITALPRESS) &#8211; Il giorno dopo la gioia \u00e8 ancora tanta ma c&#8217;\u00e8 anche da guardare al futuro. L&#8217;Inter si \u00e8 laureata campione d&#8217;Italia per la 19esima volta nella sua storia, &#8220;come ha detto Conte \u00e8 un&#8217;opera d&#8217;arte, dietro c&#8217;e grande fatica, grande cultura del lavoro e tantissime qualit\u00e0 positive&#8221;, sottolinea ai microfoni di &#8220;Radio Anch&#8217;io Sport&#8221; su RadioUno Beppe Marotta, amministratore delegato dei nerazzurri. Che per la prossima stagione sar\u00e0 chiamato a sciogliere diversi nodi, fra tutti quello legato proprio al tecnico salentino che in passato non ha risparmiato critiche alla sua stessa societ\u00e0. &#8220;Quante possibilit\u00e0 da 50 a 100 che Conte resti? Io spero 100 &#8211; replica Marotta &#8211; Non c&#8217;\u00e8 un piano B, c&#8217;\u00e8 un piano A e spero che Conte possa continuare questo ciclo con noi. C&#8217;\u00e8 grandissimo feeling fra lui e la squadra, fra lui e la societ\u00e0, fra lui e i tifosi, e questi sono ingredienti importanti per potersi togliere grandi soddisfazioni&#8221;. Quella che ha portato l&#8217;Inter a vincere il suo 19esimo scudetto \u00e8 stata una crescita &#8220;lenta ma costante sin dalla stagione passata. La squadra \u00e8 a immagine e somiglianza dell&#8217;allenatore ed \u00e8 giusto che sia cos\u00ec. Conte ha una filosofia vincente, non si misura il valore di una squadra dal possesso palla e Conte \u00e8 riuscito a inculcare definitivamente dei principi vincenti&#8221;. E anche gli attriti col tecnico sono acqua passata. &#8220;Un allenatore vincente ha di per s\u00e8 nel suo Dna qualche aspetto spigoloso ma per essere vincenti bisogna essere cos\u00ec &#8211; insiste Marotta &#8211; Conte \u00e8 questo, un vincente, e quest&#8217;anno non abbiamo avuto alcun problema. E&#8217; una persona trasparente, dice sempre quello che pensa ed \u00e8 positivo. Abbiamo iniziato un ciclo&#8221;. <br \/>(ITALPRESS).<\/div>\n<div id=\"div-gpt-ad-Messinaoggi.it-DSK-300x250-corpoart\" style=\"text-align:center;margin:0 auto;\"><\/div><\/p><div id=\"videoincontent\" style=\"clear:both\";><\/div>","protected":false},"excerpt":{"rendered":"<p>MILANO (ITALPRESS) &#8211; Il giorno dopo la gioia \u00e8 ancora tanta ma c&#8217;\u00e8 anche da guardare al futuro. L&#8217;Inter si \u00e8 laureata campione d&#8217;Italia per la 19esima volta nella sua storia, &#8220;come ha detto Conte \u00e8 un&#8217;opera d&#8217;arte, dietro c&#8217;e grande fatica, grande cultura del lavoro e tantissime qualit\u00e0 positive&#8221;, sottolinea ai microfoni di &#8220;Radio [&hellip;]<\/p>\n","protected":false},"author":18,"featured_media":62386,"comment_status":"closed","ping_status":"closed","sticky":false,"template":"","format":"standard","meta":{"ub_ctt_via":"","_mi_skip_tracking":false},"categories":[446],"tags":[783],"featured_image_src":"https:\/\/www.messinaoggi.it\/website\/wp-content\/uploads\/2021\/05\/20210503_0312.jpg","author_info":{"display_name":"Admin","author_link":"https:\/\/www.messinaoggi.it\/website\/author\/admin\/"},"digistream_id":0,"digistream":false,"_links":{"self":[{"href":"https:\/\/www.messinaoggi.it\/website\/wp-json\/wp\/v2\/posts\/62385"}],"collection":[{"href":"https:\/\/www.messinaoggi.it\/website\/wp-json\/wp\/v2\/posts"}],"about":[{"href":"https:\/\/www.messinaoggi.it\/website\/wp-json\/wp\/v2\/types\/post"}],"author":[{"embeddable":true,"href":"https:\/\/www.messinaoggi.it\/website\/wp-json\/wp\/v2\/users\/18"}],"replies":[{"embeddable":true,"href":"https:\/\/www.messinaoggi.it\/website\/wp-json\/wp\/v2\/comments?post=62385"}],"version-history":[{"count":0,"href":"https:\/\/www.messinaoggi.it\/website\/wp-json\/wp\/v2\/posts\/62385\/revisions"}],"wp:featuredmedia":[{"embeddable":true,"href":"https:\/\/www.messinaoggi.it\/website\/wp-json\/wp\/v2\/media\/62386"}],"wp:attachment":[{"href":"https:\/\/www.messinaoggi.it\/website\/wp-json\/wp\/v2\/media?parent=62385"}],"wp:term":[{"taxonomy":"category","embeddable":true,"href":"https:\/\/www.messinaoggi.it\/website\/wp-json\/wp\/v2\/categories?post=62385"},{"taxonomy":"post_tag","embeddable":true,"href":"https:\/\/www.messinaoggi.it\/website\/wp-json\/wp\/v2\/tags?post=62385"}],"curies":[{"name":"wp","href":"https:\/\/api.w.org\/{rel}","templated":true}]}}