{"id":6234,"date":"2017-08-10T11:06:32","date_gmt":"2017-08-10T09:06:32","guid":{"rendered":"http:\/\/www.messinaoggi.it\/website\/?p=6234"},"modified":"2017-08-10T11:06:32","modified_gmt":"2017-08-10T09:06:32","slug":"esenzioni-tari-2016-gioveni-lassessore-santisi-adotti-subito-la-delibera-di-giunta","status":"publish","type":"post","link":"https:\/\/www.messinaoggi.it\/website\/2017\/08\/10\/esenzioni-tari-2016-gioveni-lassessore-santisi-adotti-subito-la-delibera-di-giunta\/","title":{"rendered":"Esenzioni TARI 2016, Gioveni: &quot;L&#039;assessore Santisi adotti subito la delibera di Giunta&quot;"},"content":{"rendered":"<p style=\"text-align: justify\" align=\"LEFT\"><span style=\"font-size: medium\"><span style=\"font-family: Arial, sans-serif\">Bisogna adottare la delibera di Giunta <\/span><span style=\"font-family: Arial, sans-serif\">relativa al bando per le esenzioni e riduzioni TARI 2016, immediatamente. E&#8217; questa in sintesi la richiesta presente in un&#8217;interrogazione indirizzata dal consigliere comunale Libero Gioveni all&#8217;Assessore ai servizi sociali, Nina Santisi.<\/span><\/span><div id=\"div-gpt-ad-Messinaoggi.it-DSK-300x250-corpoart\" style=\"text-align:center;margin:0 auto;\"><\/div><\/p>\n<p style=\"text-align: justify\" align=\"LEFT\">\u201c<span style=\"font-size: medium\"><span style=\"font-family: Arial, sans-serif\">Premesso \u2013 si legge nell&#8217;interrogazione \u2013 che soltanto da qualche settimana \u00e8 stata pubblicata dal Dipartimento servizi sociali la graduatoria degli aventi diritto alle riduzioni ed esenzioni TARI per l\u2019anno 2015 ai sensi dell\u2019art. 40 comma 3 del Regolamento dell\u2019Imposta Unica Comunale;<\/span><\/span><div id=\"videoincontent\" style=\"clear:both\";><\/div><\/p>\n<p style=\"text-align: justify\" align=\"LEFT\"><span style=\"font-size: medium\"><span style=\"font-family: Arial, sans-serif\">considerato che, relativamente all\u2019argomento in oggetto, il Comune di Messina \u00e8 in forte ritardo rispetto alle attuali rate che i contribuenti stanno gi\u00e0 versando per il corrente anno 2017 e che, altres\u00ec, il Consiglio Comunale ha approvato il Bilancio di Previsione 2016 in data 5 dicembre 2016, fatto questo che permetterebbe di utilizzare senza ostacoli il fondo di garanzia previsto per le riduzioni ed esenzioni TARI 2016;<\/span><\/span><\/p>\n<p style=\"text-align: justify\" align=\"LEFT\"><span style=\"font-size: medium\"><span style=\"font-family: Arial, sans-serif\">rilevato che ancora oggi la Giunta municipale non ha fatto pervenire al Civico Consesso la delibera per le esenzioni e riduzioni TARI 2016;<\/span><\/span><\/p>\n<p style=\"text-align: justify\" align=\"LEFT\"><span style=\"font-size: medium\"><span style=\"font-family: Arial, sans-serif\">tenuto conto che migliaia di contribuenti, specie quelli utilmente collocati nell&#8217;ultima graduatoria relativa al bando per le riduzioni TARI 2015, non potranno mai avere la certezza di godere (paradossalmente in via postuma o a regolarizzazione) anche per l&#8217;anno 2016 (men che meno per l\u2019anno 2017) dei benefici previsti;<\/span><\/span><\/p>\n<p style=\"text-align: justify\" align=\"LEFT\"><span style=\"font-size: medium\"><span style=\"font-family: Arial, sans-serif\">accertato che tale condizione di totale incertezza e disorientamento induce parecchi contribuenti a non versare le rate del tributo, determinando quindi un mancato incasso per l&#8217;Ente.<\/span><\/span><\/p>\n<p style=\"text-align: justify\" align=\"LEFT\"><span style=\"font-family: Arial, sans-serif\"><span style=\"font-size: medium\">[Sulla base di quanto] premesso ed esposto sopra, <\/span><\/span><span style=\"font-size: medium\"><strong><span style=\"font-family: Arial, sans-serif\">il sottoscritto consigliere comunale <\/span><\/strong><\/span><span style=\"font-family: Arial, sans-serif\"><strong>interroga<\/strong> e sollecita<\/span><span style=\"font-family: Arial, sans-serif\">, con carattere d&#8217;urgenza, l&#8217;<\/span><span style=\"font-family: Arial, sans-serif\"><span style=\"font-size: medium\">Assessore ai servizi sociali al fine di adottare la delibera di Giunta relativa al bando per le esenzioni e riduzioni TARI 2016 da trasmettere al Consiglio Comunale per la necessaria deliberazione di cui al gi\u00e0 citato art. 40 comma 3 del Regolamento IUC, propedeutica al successivo bando da parte del Dipartimento\u201d.<\/span><\/span><\/p>\n","protected":false},"excerpt":{"rendered":"<p>Bisogna adottare la delibera di Giunta relativa al bando per le esenzioni e riduzioni TARI 2016, immediatamente. E&#8217; questa in sintesi la richiesta presente in un&#8217;interrogazione indirizzata dal consigliere comunale Libero Gioveni all&#8217;Assessore ai servizi sociali, Nina Santisi. \u201cPremesso \u2013 si legge nell&#8217;interrogazione \u2013 che soltanto da qualche settimana \u00e8 stata pubblicata dal Dipartimento servizi [&hellip;]<\/p>\n","protected":false},"author":8,"featured_media":5805,"comment_status":"closed","ping_status":"open","sticky":false,"template":"","format":"standard","meta":{"ub_ctt_via":"","_mi_skip_tracking":false},"categories":[4],"tags":[],"featured_image_src":"https:\/\/www.messinaoggi.it\/website\/wp-content\/uploads\/2017\/08\/libero-gioveni-2.jpg","author_info":{"display_name":"red..me","author_link":"https:\/\/www.messinaoggi.it\/website\/author\/redstage\/"},"digistream_id":0,"digistream":false,"_links":{"self":[{"href":"https:\/\/www.messinaoggi.it\/website\/wp-json\/wp\/v2\/posts\/6234"}],"collection":[{"href":"https:\/\/www.messinaoggi.it\/website\/wp-json\/wp\/v2\/posts"}],"about":[{"href":"https:\/\/www.messinaoggi.it\/website\/wp-json\/wp\/v2\/types\/post"}],"author":[{"embeddable":true,"href":"https:\/\/www.messinaoggi.it\/website\/wp-json\/wp\/v2\/users\/8"}],"replies":[{"embeddable":true,"href":"https:\/\/www.messinaoggi.it\/website\/wp-json\/wp\/v2\/comments?post=6234"}],"version-history":[{"count":0,"href":"https:\/\/www.messinaoggi.it\/website\/wp-json\/wp\/v2\/posts\/6234\/revisions"}],"wp:featuredmedia":[{"embeddable":true,"href":"https:\/\/www.messinaoggi.it\/website\/wp-json\/wp\/v2\/media\/5805"}],"wp:attachment":[{"href":"https:\/\/www.messinaoggi.it\/website\/wp-json\/wp\/v2\/media?parent=6234"}],"wp:term":[{"taxonomy":"category","embeddable":true,"href":"https:\/\/www.messinaoggi.it\/website\/wp-json\/wp\/v2\/categories?post=6234"},{"taxonomy":"post_tag","embeddable":true,"href":"https:\/\/www.messinaoggi.it\/website\/wp-json\/wp\/v2\/tags?post=6234"}],"curies":[{"name":"wp","href":"https:\/\/api.w.org\/{rel}","templated":true}]}}