{"id":62301,"date":"2021-05-02T16:07:34","date_gmt":"2021-05-02T14:07:34","guid":{"rendered":"https:\/\/www.messinaoggi.it\/website\/2021\/05\/02\/lavoro-margiotta-dalla-confsal-impegno-per-ripresa-e-rinascita\/"},"modified":"2021-05-03T08:10:28","modified_gmt":"2021-05-03T06:10:28","slug":"lavoro-margiotta-dalla-confsal-impegno-per-ripresa-e-rinascita","status":"publish","type":"post","link":"https:\/\/www.messinaoggi.it\/website\/2021\/05\/02\/lavoro-margiotta-dalla-confsal-impegno-per-ripresa-e-rinascita\/","title":{"rendered":"Lavoro, Margiotta \u201cDalla Confsal impegno per ripresa e rinascita\u201d"},"content":{"rendered":"<div>NAPOLI (ITALPRESS) &#8211; &#8220;Sanare il divario che esiste tra l&#8217;Italia e l&#8217;Europa, in termini di occupazione e monte salari; avviare una stagione di riforme organiche a partire dalla riforma del lavoro e la creazione di un Sistema nazionale di attivazione al lavoro che prenda in carico precari, cassaintegrati e disoccupati, in particolare i giovani, affinch\u00e8 nessuno rimanga indietro, nell&#8217;ottica di un&#8217;alleanza generazionale. e rilanciare il Mezzogiorno con un nuovo intervento straordinario che colmi il profondo divario tra Nord e Sud del Paese. Solo cos\u00ec sar\u00e0 possibile la ripresa e la rinascita del Paese e della sua economia&#8221;. Sono queste alcune delle proposte avanzate dal segretario nazionale della Confsal, Angelo Raffaele Margiotta, in piazza del Plebiscito a Napoli, dove si \u00e8 celebrata la Festa dei lavoratori organizzata dalla Confederazione sindacale nazionale autonoma e durante la quale ha ribadito la &#8220;forte preoccupazione per l&#8217;emergenza economica e sanitaria ancora in corso&#8221; ed espresso &#8220;la speranza che si possa guardare con ottimismo: un futuro di ripresa e rinascita del Paese per il quale c&#8217;\u00e8 tutto l&#8217;impegno della Confsal&#8221;.<br \/>\nMargiotta ha chiesto &#8220;un impegno corale perch\u00e8 sia valorizzato il lavoro pubblico con la riforma dell&#8217;Amministrazione e il rinnovo dei contratti. Sia dato sostegno ai settori economici pi\u00f9 deboli. Siano detassati i salari bassi e venga ridotto il costo del lavoro&#8221;. E in questo quadro &#8220;lavoratori e imprenditori, ognuno nel proprio ruolo, siano accomunati dalla necessit\u00e0 di difendere il lavoro e le risorse prodotte dal lavoro&#8221;.<br \/>\nIn particolare &#8220;per i milioni di giovani inattivi o disoccupati, che non hanno pi\u00f9 fiducia nella classe dirigente del Paese, verso i quali i governi di oggi e di ieri hanno accumulato un debito enorme, la Confsal &#8211; ha assicurato Margiotta &#8211; \u00e8 impegnata perch\u00e8 questo debito venga saldato in tempi brevi. Perch\u00e8 ai giovani bisogna garantire un presente dignitoso e una formazione adeguata. Perch\u00e8 la dignit\u00e0 pu\u00f2 darla solo un lavoro&#8221;.<br \/>\nIl leader della Confsal ha rivolto &#8220;un appello affinch\u00e8 tutti si impegnino a lavorare per favorire la concordia nazionale. L&#8217;impegno della Confsal, delle sue federazionI, di ognuno dei suoi dirigenti degli aderenti della Confsal c&#8217;\u00e8 &#8211; ha detto &#8211; e ovunque leggete Confsal, leggete impegno per la rinascita e per la ripresa&#8221;.<br \/>\nL&#8217;evento promosso dalla Confsal &#8211; da Piazza del Plebiscito a Napoli e in diretta Facebook -, ha registrato gli interventi di numerosi rappresentanti delle Federazioni Confsal, di autorevoli del mondo imprenditoriale e rappresentanti delle istituzioni, tra i quali il sindaco di Napoli De Magistris, presenti a piazza del Plebiscito e in collegamento da tutta Italia.<br \/>\nLa diretta della manifestazione \u00e8 stata seguita da pi\u00f9 di 10mila spettatori che si sono alternati all&#8217;ascolto nell&#8217;arco di due ore e mezza di interventi e di dibattito.<br \/>\n(ITALPRESS).<\/div>\n<div id=\"div-gpt-ad-Messinaoggi.it-DSK-300x250-corpoart\" style=\"text-align:center;margin:0 auto;\"><\/div><\/p><div id=\"videoincontent\" style=\"clear:both\";><\/div>","protected":false},"excerpt":{"rendered":"<p>NAPOLI (ITALPRESS) &#8211; &#8220;Sanare il divario che esiste tra l&#8217;Italia e l&#8217;Europa, in termini di occupazione e monte salari; avviare una stagione di riforme organiche a partire dalla riforma del lavoro e la creazione di un Sistema nazionale di attivazione al lavoro che prenda in carico precari, cassaintegrati e disoccupati, in particolare i giovani, affinch\u00e8 [&hellip;]<\/p>\n","protected":false},"author":18,"featured_media":62302,"comment_status":"closed","ping_status":"closed","sticky":false,"template":"","format":"standard","meta":{"ub_ctt_via":"","_mi_skip_tracking":false},"categories":[446],"tags":[783],"featured_image_src":"https:\/\/www.messinaoggi.it\/website\/wp-content\/uploads\/2021\/05\/20210502_1624.jpg","author_info":{"display_name":"Admin","author_link":"https:\/\/www.messinaoggi.it\/website\/author\/admin\/"},"digistream_id":0,"digistream":false,"_links":{"self":[{"href":"https:\/\/www.messinaoggi.it\/website\/wp-json\/wp\/v2\/posts\/62301"}],"collection":[{"href":"https:\/\/www.messinaoggi.it\/website\/wp-json\/wp\/v2\/posts"}],"about":[{"href":"https:\/\/www.messinaoggi.it\/website\/wp-json\/wp\/v2\/types\/post"}],"author":[{"embeddable":true,"href":"https:\/\/www.messinaoggi.it\/website\/wp-json\/wp\/v2\/users\/18"}],"replies":[{"embeddable":true,"href":"https:\/\/www.messinaoggi.it\/website\/wp-json\/wp\/v2\/comments?post=62301"}],"version-history":[{"count":1,"href":"https:\/\/www.messinaoggi.it\/website\/wp-json\/wp\/v2\/posts\/62301\/revisions"}],"predecessor-version":[{"id":62363,"href":"https:\/\/www.messinaoggi.it\/website\/wp-json\/wp\/v2\/posts\/62301\/revisions\/62363"}],"wp:featuredmedia":[{"embeddable":true,"href":"https:\/\/www.messinaoggi.it\/website\/wp-json\/wp\/v2\/media\/62302"}],"wp:attachment":[{"href":"https:\/\/www.messinaoggi.it\/website\/wp-json\/wp\/v2\/media?parent=62301"}],"wp:term":[{"taxonomy":"category","embeddable":true,"href":"https:\/\/www.messinaoggi.it\/website\/wp-json\/wp\/v2\/categories?post=62301"},{"taxonomy":"post_tag","embeddable":true,"href":"https:\/\/www.messinaoggi.it\/website\/wp-json\/wp\/v2\/tags?post=62301"}],"curies":[{"name":"wp","href":"https:\/\/api.w.org\/{rel}","templated":true}]}}