{"id":62289,"date":"2021-05-02T13:07:35","date_gmt":"2021-05-02T11:07:35","guid":{"rendered":"https:\/\/www.messinaoggi.it\/website\/2021\/05\/02\/papa-francesco-maratona-di-preghiera-per-implorare-fine-pandemia\/"},"modified":"2021-05-02T13:07:35","modified_gmt":"2021-05-02T11:07:35","slug":"papa-francesco-maratona-di-preghiera-per-implorare-fine-pandemia","status":"publish","type":"post","link":"https:\/\/www.messinaoggi.it\/website\/2021\/05\/02\/papa-francesco-maratona-di-preghiera-per-implorare-fine-pandemia\/","title":{"rendered":"Papa Francesco \u201cMaratona di preghiera per implorare fine pandemia\u201d"},"content":{"rendered":"<div>ROMA (ITALPRESS) &#8211; &#8220;Siamo entrati nel mese di maggio in cui la piet\u00e0 popolare esprime in tanti modo la devozione alla Vergine Maria. Quest&#8217;anno sar\u00e0 caratterizzato da una maratona di preghiera attraverso importanti santuari mariani per implorare la fine della pandemia. Ieri sera prima tappa nella Basilica di San Pietro&#8221;. Cos\u00ec Papa Francesco in Piazza San Pietro nella quinta domenica di Pasqua. &#8220;In questo contesto, c&#8217;\u00e8 un&#8217;iniziativa che mi sta molto a cuore, quello della chiesa birmana che invita a pregare per la pace riservando un&#8217;Ave Maria del Rosario quotidiano &#8211; prosegue il Santo Padre &#8211; Ognuno di noi si rivolge alla mamma quando \u00e8 in difficolt\u00e0. Noi chiediamo alla Madre del Cielo di parlare al cuore di tutti i responsabili di Myanmar perch\u00e8 trovino il coraggio di percorrere la strada dell&#8217;incontro, della riconciliazione e della pace&#8221;.<br \/>\n(ITALPRESS).<\/div>\n<div id=\"div-gpt-ad-Messinaoggi.it-DSK-300x250-corpoart\" style=\"text-align:center;margin:0 auto;\"><\/div><\/p><div id=\"videoincontent\" style=\"clear:both\";><\/div>","protected":false},"excerpt":{"rendered":"<p>ROMA (ITALPRESS) &#8211; &#8220;Siamo entrati nel mese di maggio in cui la piet\u00e0 popolare esprime in tanti modo la devozione alla Vergine Maria. Quest&#8217;anno sar\u00e0 caratterizzato da una maratona di preghiera attraverso importanti santuari mariani per implorare la fine della pandemia. Ieri sera prima tappa nella Basilica di San Pietro&#8221;. Cos\u00ec Papa Francesco in Piazza [&hellip;]<\/p>\n","protected":false},"author":18,"featured_media":62290,"comment_status":"closed","ping_status":"closed","sticky":false,"template":"","format":"standard","meta":{"ub_ctt_via":"","_mi_skip_tracking":false},"categories":[446],"tags":[783],"featured_image_src":"https:\/\/www.messinaoggi.it\/website\/wp-content\/uploads\/2021\/05\/20210502_0990.jpg","author_info":{"display_name":"Admin","author_link":"https:\/\/www.messinaoggi.it\/website\/author\/admin\/"},"digistream_id":0,"digistream":false,"_links":{"self":[{"href":"https:\/\/www.messinaoggi.it\/website\/wp-json\/wp\/v2\/posts\/62289"}],"collection":[{"href":"https:\/\/www.messinaoggi.it\/website\/wp-json\/wp\/v2\/posts"}],"about":[{"href":"https:\/\/www.messinaoggi.it\/website\/wp-json\/wp\/v2\/types\/post"}],"author":[{"embeddable":true,"href":"https:\/\/www.messinaoggi.it\/website\/wp-json\/wp\/v2\/users\/18"}],"replies":[{"embeddable":true,"href":"https:\/\/www.messinaoggi.it\/website\/wp-json\/wp\/v2\/comments?post=62289"}],"version-history":[{"count":0,"href":"https:\/\/www.messinaoggi.it\/website\/wp-json\/wp\/v2\/posts\/62289\/revisions"}],"wp:featuredmedia":[{"embeddable":true,"href":"https:\/\/www.messinaoggi.it\/website\/wp-json\/wp\/v2\/media\/62290"}],"wp:attachment":[{"href":"https:\/\/www.messinaoggi.it\/website\/wp-json\/wp\/v2\/media?parent=62289"}],"wp:term":[{"taxonomy":"category","embeddable":true,"href":"https:\/\/www.messinaoggi.it\/website\/wp-json\/wp\/v2\/categories?post=62289"},{"taxonomy":"post_tag","embeddable":true,"href":"https:\/\/www.messinaoggi.it\/website\/wp-json\/wp\/v2\/tags?post=62289"}],"curies":[{"name":"wp","href":"https:\/\/api.w.org\/{rel}","templated":true}]}}