{"id":62280,"date":"2021-05-02T14:00:50","date_gmt":"2021-05-02T12:00:50","guid":{"rendered":"http:\/\/www.messinaoggi.it\/website\/?p=62280"},"modified":"2021-05-03T08:10:04","modified_gmt":"2021-05-03T06:10:04","slug":"slalom-grande-bagarre-tra-i-piloti-partecipanti-al-26-slalom-rocca-di-novara","status":"publish","type":"post","link":"https:\/\/www.messinaoggi.it\/website\/2021\/05\/02\/slalom-grande-bagarre-tra-i-piloti-partecipanti-al-26-slalom-rocca-di-novara\/","title":{"rendered":"SLALOM &#8211; Grande bagarre tra i piloti partecipanti al 26\u00b0 Slalom Rocca di Novara"},"content":{"rendered":"\n<p>Tutto pronto a Novara di Sicilia, uno dei \u201cBorghi pi\u00f9 Belli d\u2019Italia\u201d per lo start del 26\u00b0 Slalom Rocca di Novara in programma questo fine settimana. <div id=\"div-gpt-ad-Messinaoggi.it-DSK-300x250-corpoart\" style=\"text-align:center;margin:0 auto;\"><\/div><\/p>\n\n\n\n<p>La competizione, organizzata da Top Competition di Maria Grazia Bisazza \u00e8 la gara d&#8217;apertura del Campionato Italiano Slalom 2021 oltre ad essere prova del Campionato Siciliano della specialit\u00e0 e del campionato Sociale Automobile Club Messina. <div id=\"videoincontent\" style=\"clear:both\";><\/div><\/p>\n\n\n\n<p>Tutti presenti i 150 piloti che avevano confermato l\u2019iscrizione al prestigioso appuntamento siciliano e che nel pomeriggio del sabato 1 maggio si sono dati appuntamento per le operazioni di verifica sportiva, organizzate nel pieno rispetto delle misure di contenimento al contagio pandemico grazie al nuovo sistema messo a punto dalla federazione Aci Sport che limita al massimo la necessit\u00e0 della presenza alle operazioni preliminari. <\/p>\n\n\n\n<p>La competizione, che sar\u00e0 diretta dal direttore di Gara Michele Vecchio, scatter\u00e0 oggi, domenica 2 maggio alle ore 9.00 e si disputer\u00e0 su tre manche alla migliore delle quali verranno stilate le classifiche delle varie categorie. Ad ospitare la lotta dei piloti tra i birilli sono gli spettacolari 3,250 Km della SS 185 che dal centro abitato si inerpica lungo le alture della vecchia strada che conduceva a Giardini Naxos. Il percorso chiuder\u00e0 alla viabilit\u00e0 alle ore 7.00.<\/p>\n\n\n\n<p><br>\u201c<em>Gi\u00e0 nel 2020<\/em> &#8211; spiega Maria Grazia Bisazza della Top Competition &#8211; <em>abbiamo accettato la scommessa di organizzare questa competizione nel difficile momento pandemico. Abbiamo acquisito quindi l&#8217;esperienza per migliorare e mettere piloti e addetti ai lavori nelle migliori condizioni di sicurezza possibile. Siamo felici di poter allestire una competizione dall&#8217;elevato valore agonistico su un percorso che i piloti apprezzano particolarmente. Auspichiamo sia un bel fine settimana di sport\u201d.<\/em><\/p>\n\n\n\n<div class=\"wp-block-image\"><figure class=\"aligncenter size-large\"><img loading=\"lazy\" width=\"1024\" height=\"682\" src=\"https:\/\/www.messinaoggi.it\/website\/wp-content\/uploads\/2021\/05\/salvatore_venanzio_su_radical_a_novara_2020-1024x682.jpg\" alt=\"\" class=\"wp-image-62286\" srcset=\"https:\/\/www.messinaoggi.it\/website\/wp-content\/uploads\/2021\/05\/salvatore_venanzio_su_radical_a_novara_2020-1024x682.jpg 1024w, https:\/\/www.messinaoggi.it\/website\/wp-content\/uploads\/2021\/05\/salvatore_venanzio_su_radical_a_novara_2020-300x200.jpg 300w, https:\/\/www.messinaoggi.it\/website\/wp-content\/uploads\/2021\/05\/salvatore_venanzio_su_radical_a_novara_2020-768x512.jpg 768w, https:\/\/www.messinaoggi.it\/website\/wp-content\/uploads\/2021\/05\/salvatore_venanzio_su_radical_a_novara_2020-1536x1023.jpg 1536w, https:\/\/www.messinaoggi.it\/website\/wp-content\/uploads\/2021\/05\/salvatore_venanzio_su_radical_a_novara_2020.jpg 1600w\" sizes=\"(max-width: 1024px) 100vw, 1024px\" \/><figcaption><strong><em>Salvatore Venanzio in gara nell&#8217;edizione del 2020<\/em><\/strong><\/figcaption><\/figure><\/div>\n\n\n\n<p><br>Ha regolarmente verificato Il campione Fabio Emanuele che sar\u00e0 in gara con l\u2019Osella PA9\/90 della Campobasso Corse. <\/p>\n\n\n\n<p>\u201c<em>Voglio fare i complimenti all&#8217;organizzazione che scrupolosamente ha cercato di ottimizzare al massimo la gara. Il percorso \u00e8 molto bello, lo scorso anno c&#8217;era quale imperfezione di manto stradale ma quest&#8217;anno \u00e8 praticamente perfetto. L&#8217;anno scorso per me era la prima volta e abbiamo avuto qualche problema nelle regolazioni dell\u2019auto che non mi hanno consentito di andare oltre il terzo posto assoluto. Quest&#8217;anno puntiamo ancora al podio, un risultato che per noi potrebbe essere importantissimo considerando che il campionato conta ben 10 appuntamenti con 4 scarti. Cercheremo di dare il massimo\u201d<\/em>.<\/p>\n\n\n\n<p>\u201c<em>Questo \u00e8 uno dei migliori percorsi del campionato<\/em> &#8211; dice Luigi Vinaccia (Osella PA9\/90) &#8211;<em> tecnico e affascinante cui quest\u2019anno per\u00f2 mancher\u00e0 purtroppo la cornice del pubblico siciliano. Ho vinto questo slalom tre volte negli anni \u201890 quindi \u00e8 una competizione cui sono particolarmente legato. La mia macchina \u00e8 quella della passata stagione, quindi Motore Honda, cambio sequenziale e assetto regolabile in base alle esigenze del percorso. I birilli ci penalizzano quindi dobbiamo cercare sempre di migliorare nelle traiettorie\u201d.<\/em><\/p>\n\n\n\n<div class=\"wp-block-image\"><figure class=\"aligncenter size-large\"><img loading=\"lazy\" width=\"1024\" height=\"768\" src=\"https:\/\/www.messinaoggi.it\/website\/wp-content\/uploads\/2021\/05\/il_direttore_di_gara_michele_vecchio-1024x768.jpeg\" alt=\"\" class=\"wp-image-62285\" srcset=\"https:\/\/www.messinaoggi.it\/website\/wp-content\/uploads\/2021\/05\/il_direttore_di_gara_michele_vecchio-1024x768.jpeg 1024w, https:\/\/www.messinaoggi.it\/website\/wp-content\/uploads\/2021\/05\/il_direttore_di_gara_michele_vecchio-300x225.jpeg 300w, https:\/\/www.messinaoggi.it\/website\/wp-content\/uploads\/2021\/05\/il_direttore_di_gara_michele_vecchio-768x576.jpeg 768w, https:\/\/www.messinaoggi.it\/website\/wp-content\/uploads\/2021\/05\/il_direttore_di_gara_michele_vecchio-1536x1152.jpeg 1536w, https:\/\/www.messinaoggi.it\/website\/wp-content\/uploads\/2021\/05\/il_direttore_di_gara_michele_vecchio.jpeg 1600w\" sizes=\"(max-width: 1024px) 100vw, 1024px\" \/><figcaption><em><strong>Il direttore di gara, Michele Vecchio<\/strong><\/em><\/figcaption><\/figure><\/div>\n\n\n\n<p>Partir\u00e0 subito all&#8217;attacco il campano Salvatore Venanzio su Radical SR4. \u201c<em>Sar\u00e0 una gara con molte novit\u00e0<\/em> &#8211; dice Venanzio &#8211; <em>perch\u00e9 non conosciamo il livello dei nostri avversari che specialmente in Sicilia sono fortissimi. Dobbiamo arrivare sempre aggiornati per recuperare decimi preziosi. Fare punti in Sicilia \u00e8 troppo importante per il campionato\u201d<\/em>.<\/p>\n\n\n\n<p>Il giovane ericino (TP) Michele Poma che sar\u00e0 in gara ancora su Radical SR4 preparata dall&#8217;officina Castiglione non ha voluto mancare la gara d&#8217;apertura del campionato, dopo la vittoria della stagione 2020 tra gli under 23. Prover\u00e0 adesso &#8220;la zampata&#8221; anche nella classifica assoluta. Tutti presenti i protagonisti del Campionato siciliano e gli agguerriti piloti locali tra i quali c\u2019\u00e8 l\u2019esperto presidente della Trapani Corse Nicol\u00f2 Incammisa di recente nella top ten dello Slalom Roccella su Radical SR4 nella classe regina E2SC. <\/p>\n\n\n\n<p>Arriva ancora dal trapanese Salvatore Arresta che al volante della Gloria B5 Suzuki vorr\u00e0 fare la voce grossa tra le monoposto di classe 1150. Arriva da Torino con il chiaro intento di conquistare punti preziosi in campionato l&#8217;alfiere della Splendor Corse Andrea Grammatico classe 1994 su Radical SR4. Disporr\u00e0 della versione Prosport della Radical sotto le insegne della Viemme Corse il siracusano Antonio Lastrina mentre dopo i punti conquistati a San Cataldo, nella categoria 1400 di E2SC Fabio Lenares sar\u00e0 allo Start di Novara sul suo proto auto costruito. <\/p>\n\n\n\n<p>Fra le monoposto assolo in classe 1600 per il saccense Antonino di Matteo che con la sua Gloria C8 Suzuki della Catania Corse. Tra gli iscritti anche il netino Simone Di Pietro ancora su Radical SR4 Suzuki, a caccia di punti dopo l&#8217;unica gara disputata a Caltagirone. Tra gli altri protagonisti sulle sportscar il marsalese Giuseppe Giametta Gloria Yamaha, l\u2019avolese Gentile Salvatore su Elia Avrio e l&#8217;altro trapanese Danilo Caltagirone su Gloria. In gruppo N il sempre presente Mario Radici su Clio Williams della T.M. Racing sar\u00e0 in lotta con il coriaceo Enrico Falsetti e la sua Renault Clio RS della Nebro Sport. <\/p>\n\n\n\n<div class=\"wp-block-image\"><figure class=\"aligncenter size-large is-resized\"><img loading=\"lazy\" src=\"https:\/\/www.messinaoggi.it\/website\/wp-content\/uploads\/2021\/05\/AD-Angelica-Giamboi-Fiat-X1-9-300x208-1.jpg\" alt=\"\" class=\"wp-image-62287\" width=\"579\" height=\"401\"\/><figcaption><em><strong>La messinese Angelica Giamboi su Fiat X1-9<\/strong><\/em><\/figcaption><\/figure><\/div>\n\n\n\n<p>Non mancher\u00e0 la lotta con il coltello fra i denti anche nell\u2019agguerrito Gruppo A dove si prevedono tra le altre, sfide accese tra Santo Triolo e la sua Alfa Sud TI, lo scalatore catanese Filippo Cardillo su Peugeot 106, il trapanese gi\u00e0 campione italiano Michele Russo su Peugeot 106 Rally. Non poteva mancare la figlia d\u2019arte messinese Angelica Giamboi sulla sua inseparabile Fiat X19 preparata insieme al padre e poi ancora Silvestro Fucile su su Peugeot 205, Francesco Greco su Fiat Punto, Agostino Fallara su Fiat 127 o Paolo Malvaso su Fiat 127, tutti piloti che daranno spettacolo nel performante Gruppo Speciale Slalom. <\/p>\n\n\n\n<p>La gara che si svolger\u00e0 senza pubblico, sar\u00e0 trasmessa in diretta sulla pagina Facebook della competizione @Slalom Rocca di Novara.<\/p>\n","protected":false},"excerpt":{"rendered":"<p>Tutto pronto a Novara di Sicilia, uno dei \u201cBorghi pi\u00f9 Belli d\u2019Italia\u201d per lo start del 26\u00b0 Slalom Rocca di Novara in programma questo fine settimana. La competizione, organizzata da Top Competition di Maria Grazia Bisazza \u00e8 la gara d&#8217;apertura del Campionato Italiano Slalom 2021 oltre ad essere prova del Campionato Siciliano della specialit\u00e0 e [&hellip;]<\/p>\n","protected":false},"author":17,"featured_media":62284,"comment_status":"open","ping_status":"open","sticky":false,"template":"","format":"standard","meta":{"ub_ctt_via":"","_mi_skip_tracking":false},"categories":[8,9],"tags":[1576],"featured_image_src":"https:\/\/www.messinaoggi.it\/website\/wp-content\/uploads\/2021\/05\/un_momento_delle_verifiche_a_novara_di_sicilia.jpeg","author_info":{"display_name":"Giuseppe Luppino","author_link":"https:\/\/www.messinaoggi.it\/website\/author\/g-luppino\/"},"digistream_id":0,"digistream":false,"_links":{"self":[{"href":"https:\/\/www.messinaoggi.it\/website\/wp-json\/wp\/v2\/posts\/62280"}],"collection":[{"href":"https:\/\/www.messinaoggi.it\/website\/wp-json\/wp\/v2\/posts"}],"about":[{"href":"https:\/\/www.messinaoggi.it\/website\/wp-json\/wp\/v2\/types\/post"}],"author":[{"embeddable":true,"href":"https:\/\/www.messinaoggi.it\/website\/wp-json\/wp\/v2\/users\/17"}],"replies":[{"embeddable":true,"href":"https:\/\/www.messinaoggi.it\/website\/wp-json\/wp\/v2\/comments?post=62280"}],"version-history":[{"count":2,"href":"https:\/\/www.messinaoggi.it\/website\/wp-json\/wp\/v2\/posts\/62280\/revisions"}],"predecessor-version":[{"id":62362,"href":"https:\/\/www.messinaoggi.it\/website\/wp-json\/wp\/v2\/posts\/62280\/revisions\/62362"}],"wp:featuredmedia":[{"embeddable":true,"href":"https:\/\/www.messinaoggi.it\/website\/wp-json\/wp\/v2\/media\/62284"}],"wp:attachment":[{"href":"https:\/\/www.messinaoggi.it\/website\/wp-json\/wp\/v2\/media?parent=62280"}],"wp:term":[{"taxonomy":"category","embeddable":true,"href":"https:\/\/www.messinaoggi.it\/website\/wp-json\/wp\/v2\/categories?post=62280"},{"taxonomy":"post_tag","embeddable":true,"href":"https:\/\/www.messinaoggi.it\/website\/wp-json\/wp\/v2\/tags?post=62280"}],"curies":[{"name":"wp","href":"https:\/\/api.w.org\/{rel}","templated":true}]}}