{"id":62275,"date":"2021-05-02T12:07:32","date_gmt":"2021-05-02T10:07:32","guid":{"rendered":"https:\/\/www.messinaoggi.it\/website\/2021\/05\/02\/letta-proveremo-a-portare-avanti-alleanza-con-m5s\/"},"modified":"2021-05-02T12:48:05","modified_gmt":"2021-05-02T10:48:05","slug":"letta-proveremo-a-portare-avanti-alleanza-con-m5s","status":"publish","type":"post","link":"https:\/\/www.messinaoggi.it\/website\/2021\/05\/02\/letta-proveremo-a-portare-avanti-alleanza-con-m5s\/","title":{"rendered":"Letta \u201cProveremo a portare avanti alleanza con M5s\u201d"},"content":{"rendered":"<div>ROMA (ITALPRESS) &#8211; &#8220;Sappiamo che dobbiamo fare delle alleanze perch\u00e8 nel nostro sistema nessuno pu\u00f2 governare da solo. Le costruiremo con chi \u00e8 compatibile col nostro programma. Posso gi\u00e0 dire che con Salvini e Meloni sar\u00e0 impossibile, col M5S le<br \/>\nabbiamo gi\u00e0 verificate nel governo Conte e proveremo a portarle avanti queste compatibilit\u00e0&#8221;. Cos\u00ec Enrico Letta, segretario del Pd, intervistato da Maria Latella a &#8216;Il caff\u00e8 della domenica&#8217; su Radio 24. Tra i punti toccati nell&#8217;intervista, anche quello del lavoro. &#8220;E&#8217; un momento nel quale i soldi bisogna darli e non chiederli da parte dello Stato &#8211; ha detto il segretario del Pd &#8211; Parole chiare e giuste, \u00e8 il momento degli ammortizzatori sociali. Stanno funzionando a fatica, il nostro sistema \u00e8 pieno di intoppi burocratici e i ritardi nei pagamenti sono un grandissimo guaio ma dobbiamo pensare a dopo e bisogner\u00e0 ripartire&#8221;. &#8220;Per questo faccio una proposta a governo, forze politiche e forze sociali &#8211; ha concluso Letta &#8211; sedersi attorno a un tavolo e fare un patto per la ricostruzione e il lavoro con alcune misure che siano il cuore, decontribuzione totale per i nuovi assunti e detassazione per creazione di nuove attivit\u00e0 imprenditoriali e commerciali&#8221;.<br \/>\n(ITALPRESS).<\/div>\n<div id=\"div-gpt-ad-Messinaoggi.it-DSK-300x250-corpoart\" style=\"text-align:center;margin:0 auto;\"><\/div><\/p><div id=\"videoincontent\" style=\"clear:both\";><\/div>","protected":false},"excerpt":{"rendered":"<p>ROMA (ITALPRESS) &#8211; &#8220;Sappiamo che dobbiamo fare delle alleanze perch\u00e8 nel nostro sistema nessuno pu\u00f2 governare da solo. Le costruiremo con chi \u00e8 compatibile col nostro programma. Posso gi\u00e0 dire che con Salvini e Meloni sar\u00e0 impossibile, col M5S le abbiamo gi\u00e0 verificate nel governo Conte e proveremo a portarle avanti queste compatibilit\u00e0&#8221;. Cos\u00ec Enrico [&hellip;]<\/p>\n","protected":false},"author":18,"featured_media":62276,"comment_status":"closed","ping_status":"closed","sticky":false,"template":"","format":"standard","meta":{"ub_ctt_via":"","_mi_skip_tracking":false},"categories":[446,4],"tags":[783],"featured_image_src":"https:\/\/www.messinaoggi.it\/website\/wp-content\/uploads\/2021\/05\/20210502_0805.jpg","author_info":{"display_name":"Admin","author_link":"https:\/\/www.messinaoggi.it\/website\/author\/admin\/"},"digistream_id":0,"digistream":false,"_links":{"self":[{"href":"https:\/\/www.messinaoggi.it\/website\/wp-json\/wp\/v2\/posts\/62275"}],"collection":[{"href":"https:\/\/www.messinaoggi.it\/website\/wp-json\/wp\/v2\/posts"}],"about":[{"href":"https:\/\/www.messinaoggi.it\/website\/wp-json\/wp\/v2\/types\/post"}],"author":[{"embeddable":true,"href":"https:\/\/www.messinaoggi.it\/website\/wp-json\/wp\/v2\/users\/18"}],"replies":[{"embeddable":true,"href":"https:\/\/www.messinaoggi.it\/website\/wp-json\/wp\/v2\/comments?post=62275"}],"version-history":[{"count":1,"href":"https:\/\/www.messinaoggi.it\/website\/wp-json\/wp\/v2\/posts\/62275\/revisions"}],"predecessor-version":[{"id":62282,"href":"https:\/\/www.messinaoggi.it\/website\/wp-json\/wp\/v2\/posts\/62275\/revisions\/62282"}],"wp:featuredmedia":[{"embeddable":true,"href":"https:\/\/www.messinaoggi.it\/website\/wp-json\/wp\/v2\/media\/62276"}],"wp:attachment":[{"href":"https:\/\/www.messinaoggi.it\/website\/wp-json\/wp\/v2\/media?parent=62275"}],"wp:term":[{"taxonomy":"category","embeddable":true,"href":"https:\/\/www.messinaoggi.it\/website\/wp-json\/wp\/v2\/categories?post=62275"},{"taxonomy":"post_tag","embeddable":true,"href":"https:\/\/www.messinaoggi.it\/website\/wp-json\/wp\/v2\/tags?post=62275"}],"curies":[{"name":"wp","href":"https:\/\/api.w.org\/{rel}","templated":true}]}}