{"id":62263,"date":"2021-05-02T11:07:33","date_gmt":"2021-05-02T09:07:33","guid":{"rendered":"https:\/\/www.messinaoggi.it\/website\/2021\/05\/02\/fedez-al-concertone-diventa-caso-politico-scontro-con-lega-e-rai\/"},"modified":"2021-05-02T11:09:20","modified_gmt":"2021-05-02T09:09:20","slug":"fedez-al-concertone-diventa-caso-politico-scontro-con-lega-e-rai","status":"publish","type":"post","link":"https:\/\/www.messinaoggi.it\/website\/2021\/05\/02\/fedez-al-concertone-diventa-caso-politico-scontro-con-lega-e-rai\/","title":{"rendered":"Fedez al Concertone diventa caso politico, scontro con Lega e Rai"},"content":{"rendered":"<div>ROMA (ITALPRESS) &#8211; E&#8217; diventata un caso politico la partecipazione di Fedez al Concertone del Primo Maggio, trasmesso ieri da Raitre.<br \/>\n&#8220;E&#8217; la prima volta che mi succede di dover inviare il testo di un mio intervento perch\u00e8 venga sottoposto ad approvazione politica, approvazione che purtroppo non c&#8217;\u00e8 stata in prima battuta, o meglio dai vertici di Rai3 mi hanno chiesto di omettere i partiti e i nomi e di edulcorarne il contenuto. Ho dovuto lottare un pochino ma alla fine mi hanno dato il permesso di esprimermi liberamente&#8221;, aveva dichiarato l&#8217;artista, che gi\u00e0 nei giorni precedenti si era schierato in pi\u00f9 occasioni a favore del ddl Zan contro l&#8217;omotransfobia.<br \/>\n&#8220;Se Fedez user\u00e0 a fini personali il concerto dell&#8217;1 maggio per fare politica, calpestando il senso della festa dei lavoratori, la Rai dovr\u00e0 impugnare il contratto e lasciare che i sindacati si sobbarchino l&#8217;intero costo dell&#8217;evento &#8211; avevano affermato in una nota congiunta i senatori e deputati della Lega in Vigilanza Rai Massimiliano Capitanio (capogruppo), Giorgio Bergesio, Laura Cavandoli, Dimitri Coin, Umberto Fusco, Elena Maccanti e Simona Pergreffi -. Con 945.000 posti di lavoro persi in un anno e la disoccupazione giovanile al 33%, se davvero il signor Federico Leonardo Lucia decider\u00e0 di promuovere la propria figura attaccando Lega e Vaticano, sar\u00e0 un insulto all&#8217;1 maggio. Non si usano i diritti dei lavoratori per promuovere la propria immagine e fare ulteriori profitti&#8221;.<br \/>\nSempre nel pomeriggio il segretario della Lega \u00e8 intervenuto su Twitter: &#8220;Il &#8220;concertone&#8221; costa circa 500.000 euro agli italiani, a tutti gli italiani, quindi i comizi &#8220;de sinistra&#8221; sarebbero fuori luogo&#8221;, ha scritto Matteo Salvini. E a stretto giro \u00e8 arrivata la risposta di Fedez, sempre su Twitter: &#8220;Io vado al concertone a gratis e pago i miei musicisti che non lavorano da un anno e sul palco vorrei esprimermi da uovo libero senza che gli artisti debbano inviare i loro discorsi per approvazione preventiva da voi politici. Il suo partito ci \u00e8 costato 49 milioni di euro&#8221;.<br \/>\nIn serata, sul palco Fedez ha chiarito di prendersi tutte le responsabilit\u00e0 di quello che dice, e ha dedicato la prima parte del suo intervento a un appello al premier Mario Draghi per tutelare il settore dello spettacolo &#8220;decimato dall&#8217;emergenza Covid e regolato da una legge che risale gli anni 40. Cos\u00ec come \u00e8 intervenuto tempestivamente sulla Superlega lo faccia anche sullo spettacolo, che ha un numero di lavoratori equivalente al calcio&#8221;. Poi la parte sul ddl Zan, con una forte critica alla Lega, citazioni di esponenti locali del partito contro i gay, e una polemica contro l&#8217;associazione Pro Vita.<br \/>\nE&#8217; intervenuta sulla vicenda anche Viale Mazzini, con una nota di Rai3 condivisa dall&#8217;Ad Fabrizio Salini: &#8220;Rai3 e la Rai sono da sempre aperte al dibattito e al confronto di opinioni, nel rispetto di ogni posizione politica e culturale. E&#8217; fortemente scorretto e privo di fondamento sostenere che la Rai abbia chiesto preventivamente i testi degli artisti intervenuti al tradizionale concertone del Primo Maggio, per il semplice motivo che \u00e8 falso, si tratta di una cosa che non \u00e8 mai avvenuta&#8221;. &#8220;N\u00e8 la Rai n\u00e8 la direzione di Rai3 hanno mai operato forme di censura preventiva nei confronti di alcun artista del concerto: la Rai mette in onda un prodotto editoriale realizzato da una societ\u00e0 di produzione in collaborazione con Cgil, Cisl e Uil, la quale si \u00e8 occupata della realizzazione e dell&#8217;organizzazione del concerto, nonch\u00e8 dei rapporti con gli artisti &#8211; prosegue la nota -. Il che include la raccolta dei testi, come da prassi. La Festa del lavoro, come hanno ricordato nei loro interventi i segretari di Cgil, Cisl e Uil, \u00e8 appunto una festa, vale a dire la celebrazione delle conquiste dei lavoratori e dei loro diritti, sanciti dalla Costituzione e dallo Statuto, di cui i sindacati si fanno custodi e paladini. Ed \u00e8 proprio a quelle conquiste e a quei diritti, oggi minacciati da una pandemia mondiale che erode l&#8217;occupazione, che \u00e8 dedicato questo Primo Maggio&#8221;.<br \/>\n&#8220;La Rai smentisce la censura &#8211; ha poi twittato Fedez, pubblicando un video con alcuni passaggi del colloquio con i dirigenti Rai -. Ecco la telefonata intercorsa ieri sera dove la vice direttrice di Rai 3 Ilaria capitani insieme ai suoi collaboratori mi esortano ad &#8220;adeguarmi ad un SISTEMA&#8221; dicendo che sul palco non posso fare nomi e cognomi&#8221;.<br \/>\n&#8220;Un cantante di sinistra litiga coi vertici Rai di sinistra. Cos\u00ec \u00e8. L&#8217;Italia se ne far\u00e0 una ragione&#8221;, ha commentato il leader della Lega Matteo Salvini, che sul ddl Zan ha cos\u00ec replicato a Fedez: &#8220;Adoro la Libert\u00e0. Adoro la musica, l&#8217;arte, il sorriso.<br \/>\nAdoro e difendo la libert\u00e0 di pensare, di scrivere, di parlare, di amare. Ognuno pu\u00f2 amare chi vuole, come vuole, quanto vuole.<br \/>\nE chi discrimina o aggredisce va punito, come previsto dalla legge. E&#8217; gi\u00e0 cos\u00ec, per fortuna &#8211; ha spiegato Salvini -. Chi aggredisce un omosessuale o un eterosessuale, un bianco o un nero, un cristiano o un buddhista, un giovane o un anziano, rischia fino a 16 anni di carcere. E&#8217; gi\u00e0 cos\u00ec. Reinvito Fedez a bere un caff\u00e8, tranquilli, per parlare di libert\u00e0 e di diritti.<br \/>\nIl diritto alla vita ed all&#8217;amore sono sacri, non si discutono.<br \/>\nPer me anche il diritto di un bimbo a nascere da una mamma e un pap\u00e0 \u00e8 sacro, mentre il solo pensiero dell&#8217;utero in affitto e della donna pensata come oggetto mi fanno rabbrividire. Cos\u00ec come, da padre, non condivido che a bimbi di 6 anni venga proposta in classe l&#8217;ideologia gender, o si vietino giochi, canti e favole perch\u00e8 offenderebbero qualcuno. Non scherziamo &#8211; ha concluso il leader leghista -. Viva la Libert\u00e0, che non pu\u00f2 imporre per legge di zittire o processare chi crede che la famiglia, come anche la Costituzione prevede, sia la cellula, il nucleo, il cuore, il passato, il presente e il futuro del mondo&#8221;.<br \/>\n(ITALPRESS).<\/div>\n<div id=\"div-gpt-ad-Messinaoggi.it-DSK-300x250-corpoart\" style=\"text-align:center;margin:0 auto;\"><\/div><\/p><div id=\"videoincontent\" style=\"clear:both\";><\/div>","protected":false},"excerpt":{"rendered":"<p>ROMA (ITALPRESS) &#8211; E&#8217; diventata un caso politico la partecipazione di Fedez al Concertone del Primo Maggio, trasmesso ieri da Raitre. &#8220;E&#8217; la prima volta che mi succede di dover inviare il testo di un mio intervento perch\u00e8 venga sottoposto ad approvazione politica, approvazione che purtroppo non c&#8217;\u00e8 stata in prima battuta, o meglio dai [&hellip;]<\/p>\n","protected":false},"author":18,"featured_media":62264,"comment_status":"closed","ping_status":"closed","sticky":false,"template":"","format":"standard","meta":{"ub_ctt_via":"","_mi_skip_tracking":false},"categories":[446,4],"tags":[783],"featured_image_src":"https:\/\/www.messinaoggi.it\/website\/wp-content\/uploads\/2021\/05\/20210502_0555.jpg","author_info":{"display_name":"Admin","author_link":"https:\/\/www.messinaoggi.it\/website\/author\/admin\/"},"digistream_id":0,"digistream":false,"_links":{"self":[{"href":"https:\/\/www.messinaoggi.it\/website\/wp-json\/wp\/v2\/posts\/62263"}],"collection":[{"href":"https:\/\/www.messinaoggi.it\/website\/wp-json\/wp\/v2\/posts"}],"about":[{"href":"https:\/\/www.messinaoggi.it\/website\/wp-json\/wp\/v2\/types\/post"}],"author":[{"embeddable":true,"href":"https:\/\/www.messinaoggi.it\/website\/wp-json\/wp\/v2\/users\/18"}],"replies":[{"embeddable":true,"href":"https:\/\/www.messinaoggi.it\/website\/wp-json\/wp\/v2\/comments?post=62263"}],"version-history":[{"count":1,"href":"https:\/\/www.messinaoggi.it\/website\/wp-json\/wp\/v2\/posts\/62263\/revisions"}],"predecessor-version":[{"id":62267,"href":"https:\/\/www.messinaoggi.it\/website\/wp-json\/wp\/v2\/posts\/62263\/revisions\/62267"}],"wp:featuredmedia":[{"embeddable":true,"href":"https:\/\/www.messinaoggi.it\/website\/wp-json\/wp\/v2\/media\/62264"}],"wp:attachment":[{"href":"https:\/\/www.messinaoggi.it\/website\/wp-json\/wp\/v2\/media?parent=62263"}],"wp:term":[{"taxonomy":"category","embeddable":true,"href":"https:\/\/www.messinaoggi.it\/website\/wp-json\/wp\/v2\/categories?post=62263"},{"taxonomy":"post_tag","embeddable":true,"href":"https:\/\/www.messinaoggi.it\/website\/wp-json\/wp\/v2\/tags?post=62263"}],"curies":[{"name":"wp","href":"https:\/\/api.w.org\/{rel}","templated":true}]}}