{"id":62254,"date":"2021-05-02T08:07:32","date_gmt":"2021-05-02T06:07:32","guid":{"rendered":"https:\/\/www.messinaoggi.it\/website\/2021\/05\/02\/covid-da-domani-valle-daosta-in-rosso-e-5-regioni-in-arancione\/"},"modified":"2021-05-02T08:36:17","modified_gmt":"2021-05-02T06:36:17","slug":"covid-da-domani-valle-daosta-in-rosso-e-5-regioni-in-arancione","status":"publish","type":"post","link":"https:\/\/www.messinaoggi.it\/website\/2021\/05\/02\/covid-da-domani-valle-daosta-in-rosso-e-5-regioni-in-arancione\/","title":{"rendered":"Covid, da domani Valle d\u2019Aosta in rosso e 5 regioni in arancione"},"content":{"rendered":"<div>ROMA (ITALPRESS) &#8211; Cambia ancora da domani la mappa dei colori delle regioni italiane. Il ministro della Salute Roberto Speranza, sulla base dei dati e delle indicazioni della cabina di regia, ha firmato venerd\u00ec le nuove ordinanze che andranno in vigore a partire dal 3 maggio. E&#8217; in area rossa la regione Valle D&#8217;Aosta. Sono in area arancione le regioni Basilicata, Calabria, Puglia, Sicilia e Sardegna. Tutte le altre regioni e province autonome sono in area gialla.<br \/>\nLa curva dei contagi in Italia flette ma questo non significa un liberi tutti, anzi con l&#8217;incognita delle varianti non bisogna abbassare la guardia, come ha sottolineato il presidente dell&#8217;Istituto Superiore di Sanit\u00e0 Silvio Brusaferro. &#8220;C&#8217;\u00e8 una decrescita lenta della curva &#8211; ha spiegato snocciolando tutti i dati settimanali &#8211; l&#8217;Rt \u00e8 a 0,85, sotto l&#8217;1 in quasi tutte le regioni. L&#8217;incidenza a 7 giorni \u00e8 a 146 per 100 mila abitanti. L&#8217;et\u00e0 mediana dei contagiati \u00e8 in diminuzione, 42 anni rispetto ai 43 della settimana precedente, cos\u00ec anche l&#8217;et\u00e0 mediana dei ricoveri, 66 rispetto a 67&#8221;. Per Brusaferro tutti gli indicatori confermano quanto la vaccinazione stia avendo degli effetti positivi.<br \/>\n&#8220;Bisogna &#8211; gli ha fatto eco Gianni Rezza, direttore della Prevenzione del Ministero della Salute &#8211; tenere alta l&#8217;attenzione, quando ci sono delle riaperture la situazione va monitorata&#8221;. Rezza promuove l&#8217;accelerata della campagna vaccinale. &#8220;La campagna vaccinale \u00e8 arrivata ad una svolta, abbiamo superato il numero di 500 mila dosi in un giorno, l&#8217;importante \u00e8 completare presto e bene la campagna su anziani e fragili, dopodich\u00e8 bisogna passare sotto i 60 anni, coloro che sostengono la trasmissione&#8221;.<br \/>\n(ITALPRESS).<\/div>\n<div id=\"div-gpt-ad-Messinaoggi.it-DSK-300x250-corpoart\" style=\"text-align:center;margin:0 auto;\"><\/div><\/p><div id=\"videoincontent\" style=\"clear:both\";><\/div>","protected":false},"excerpt":{"rendered":"<p>ROMA (ITALPRESS) &#8211; Cambia ancora da domani la mappa dei colori delle regioni italiane. Il ministro della Salute Roberto Speranza, sulla base dei dati e delle indicazioni della cabina di regia, ha firmato venerd\u00ec le nuove ordinanze che andranno in vigore a partire dal 3 maggio. E&#8217; in area rossa la regione Valle D&#8217;Aosta. Sono [&hellip;]<\/p>\n","protected":false},"author":18,"featured_media":62255,"comment_status":"closed","ping_status":"closed","sticky":false,"template":"","format":"standard","meta":{"ub_ctt_via":"","_mi_skip_tracking":false},"categories":[221,446],"tags":[783],"featured_image_src":"https:\/\/www.messinaoggi.it\/website\/wp-content\/uploads\/2021\/05\/20210502_0116.jpg","author_info":{"display_name":"Admin","author_link":"https:\/\/www.messinaoggi.it\/website\/author\/admin\/"},"digistream_id":0,"digistream":false,"_links":{"self":[{"href":"https:\/\/www.messinaoggi.it\/website\/wp-json\/wp\/v2\/posts\/62254"}],"collection":[{"href":"https:\/\/www.messinaoggi.it\/website\/wp-json\/wp\/v2\/posts"}],"about":[{"href":"https:\/\/www.messinaoggi.it\/website\/wp-json\/wp\/v2\/types\/post"}],"author":[{"embeddable":true,"href":"https:\/\/www.messinaoggi.it\/website\/wp-json\/wp\/v2\/users\/18"}],"replies":[{"embeddable":true,"href":"https:\/\/www.messinaoggi.it\/website\/wp-json\/wp\/v2\/comments?post=62254"}],"version-history":[{"count":1,"href":"https:\/\/www.messinaoggi.it\/website\/wp-json\/wp\/v2\/posts\/62254\/revisions"}],"predecessor-version":[{"id":62256,"href":"https:\/\/www.messinaoggi.it\/website\/wp-json\/wp\/v2\/posts\/62254\/revisions\/62256"}],"wp:featuredmedia":[{"embeddable":true,"href":"https:\/\/www.messinaoggi.it\/website\/wp-json\/wp\/v2\/media\/62255"}],"wp:attachment":[{"href":"https:\/\/www.messinaoggi.it\/website\/wp-json\/wp\/v2\/media?parent=62254"}],"wp:term":[{"taxonomy":"category","embeddable":true,"href":"https:\/\/www.messinaoggi.it\/website\/wp-json\/wp\/v2\/categories?post=62254"},{"taxonomy":"post_tag","embeddable":true,"href":"https:\/\/www.messinaoggi.it\/website\/wp-json\/wp\/v2\/tags?post=62254"}],"curies":[{"name":"wp","href":"https:\/\/api.w.org\/{rel}","templated":true}]}}