{"id":62173,"date":"2021-04-30T22:16:42","date_gmt":"2021-04-30T20:16:42","guid":{"rendered":"http:\/\/www.messinaoggi.it\/website\/?p=62173"},"modified":"2021-05-01T09:28:39","modified_gmt":"2021-05-01T07:28:39","slug":"germana-navi-ecologiche-ok-ma-si-finanzi-il-ponte","status":"publish","type":"post","link":"https:\/\/www.messinaoggi.it\/website\/2021\/04\/30\/germana-navi-ecologiche-ok-ma-si-finanzi-il-ponte\/","title":{"rendered":"German\u00e0: &#8220;Navi ecologiche ok, ma si finanzi il Ponte&#8221;"},"content":{"rendered":"\n<p>&#8220;Bene gli investimenti sulle navi ecologiche per lo Stretto, ma non va perso di vista il vero obiettivo del collegamento stabile fra le due sponde&#8221;: non usa mezze parole Nino German\u00e0. &#8220;Il governo deve fare di tutto per inserire la mega infrastruttura nelle opere cantierabili, da finanziare con i fondi del Recovery. Se l&#8217;obiettivo \u00e8 quello di unire l&#8217;Italia con l&#8217;alta velocit\u00e0, c&#8217;\u00e8 da dire che la stessa non pu\u00f2 essere scomponibile. Il Ponte deve essere la soluzione definitiva per il sistema dei trasporti nazionali e quindi europei. Il gap con il Nord pu\u00f2 essere sensibilmente ridotto con quest&#8217;opera vitale per il rilancio del Meridione e dell&#8217;Italia. Del resto, l&#8217;esigenza del Ponte \u00e8 avvertita da tutta l&#8217;Europa per fronteggiare lo sviluppo del trasporto delle merci attraverso la porta dei Balcani. Solo con il Ponte &#8211; conclude l&#8217;esponente della Lega &#8211;  la Sicilia diventer\u00e0 la vera porta d&#8217;Europa sul Mediterraneo&#8221;.<div id=\"div-gpt-ad-Messinaoggi.it-DSK-300x250-corpoart\" style=\"text-align:center;margin:0 auto;\"><\/div><\/p>\n<div id=\"videoincontent\" style=\"clear:both\";><\/div>","protected":false},"excerpt":{"rendered":"<p>&#8220;Bene gli investimenti sulle navi ecologiche per lo Stretto, ma non va perso di vista il vero obiettivo del collegamento stabile fra le due sponde&#8221;: non usa mezze parole Nino German\u00e0. &#8220;Il governo deve fare di tutto per inserire la mega infrastruttura nelle opere cantierabili, da finanziare con i fondi del Recovery. Se l&#8217;obiettivo \u00e8 [&hellip;]<\/p>\n","protected":false},"author":4,"featured_media":29641,"comment_status":"open","ping_status":"open","sticky":false,"template":"","format":"standard","meta":{"ub_ctt_via":"","_mi_skip_tracking":false},"categories":[4],"tags":[],"featured_image_src":"https:\/\/www.messinaoggi.it\/website\/wp-content\/uploads\/2019\/02\/83FB42D7-6CBF-4832-9047-9A6DFB0493DD.jpeg","author_info":{"display_name":"redme","author_link":"https:\/\/www.messinaoggi.it\/website\/author\/redme\/"},"digistream_id":0,"digistream":false,"_links":{"self":[{"href":"https:\/\/www.messinaoggi.it\/website\/wp-json\/wp\/v2\/posts\/62173"}],"collection":[{"href":"https:\/\/www.messinaoggi.it\/website\/wp-json\/wp\/v2\/posts"}],"about":[{"href":"https:\/\/www.messinaoggi.it\/website\/wp-json\/wp\/v2\/types\/post"}],"author":[{"embeddable":true,"href":"https:\/\/www.messinaoggi.it\/website\/wp-json\/wp\/v2\/users\/4"}],"replies":[{"embeddable":true,"href":"https:\/\/www.messinaoggi.it\/website\/wp-json\/wp\/v2\/comments?post=62173"}],"version-history":[{"count":1,"href":"https:\/\/www.messinaoggi.it\/website\/wp-json\/wp\/v2\/posts\/62173\/revisions"}],"predecessor-version":[{"id":62174,"href":"https:\/\/www.messinaoggi.it\/website\/wp-json\/wp\/v2\/posts\/62173\/revisions\/62174"}],"wp:featuredmedia":[{"embeddable":true,"href":"https:\/\/www.messinaoggi.it\/website\/wp-json\/wp\/v2\/media\/29641"}],"wp:attachment":[{"href":"https:\/\/www.messinaoggi.it\/website\/wp-json\/wp\/v2\/media?parent=62173"}],"wp:term":[{"taxonomy":"category","embeddable":true,"href":"https:\/\/www.messinaoggi.it\/website\/wp-json\/wp\/v2\/categories?post=62173"},{"taxonomy":"post_tag","embeddable":true,"href":"https:\/\/www.messinaoggi.it\/website\/wp-json\/wp\/v2\/tags?post=62173"}],"curies":[{"name":"wp","href":"https:\/\/api.w.org\/{rel}","templated":true}]}}