{"id":62086,"date":"2021-04-30T18:50:46","date_gmt":"2021-04-30T16:50:46","guid":{"rendered":"http:\/\/www.messinaoggi.it\/website\/?p=62086"},"modified":"2021-04-30T16:29:25","modified_gmt":"2021-04-30T14:29:25","slug":"slalom-il-26-slalom-rocca-di-novara-accende-il-campionato-siciliano","status":"publish","type":"post","link":"https:\/\/www.messinaoggi.it\/website\/2021\/04\/30\/slalom-il-26-slalom-rocca-di-novara-accende-il-campionato-siciliano\/","title":{"rendered":"SLALOM &#8211; Il 26\u00b0 Slalom Rocca di Novara accende il campionato siciliano"},"content":{"rendered":"\n<p>Grande attesa per lo Slalom Rocca di Novara che, organizzato in modo attento e professionale dalla Top Competition, non solo\u00a0 inaugurer\u00e0 la stagione Tricolore ma potr\u00e0, visto l\u2019alto coefficiente,\u00a0 dare un nuovo volto alle graduatorie del Campionato Siciliano.<div id=\"div-gpt-ad-Messinaoggi.it-DSK-300x250-corpoart\" style=\"text-align:center;margin:0 auto;\"><\/div><\/p>\n\n\n\n<p>\u201c<em>Le gare fin qui disputate sono state molto appassionanti \u2013\u00a0<\/em>ha commentato Daniele Settimo, delegato \/fiduciario Aci Sport Sicilia<em>\u00a0&#8211; e si sono svolte in grande sicurezza. Siamo giunti alla prima delle tre prove Tricolori che si svolgono Sicilia, i partecipanti vorranno emergere e raccogliere pi\u00f9 punti possibile visto la chance di raddoppiare il punteggio regionale conseguito<\/em>&#8220;.<div id=\"videoincontent\" style=\"clear:both\";><\/div><\/p>\n\n\n\n<div class=\"wp-block-image\"><figure class=\"aligncenter size-large\"><img loading=\"lazy\" width=\"819\" height=\"1024\" src=\"https:\/\/www.messinaoggi.it\/website\/wp-content\/uploads\/2021\/04\/IMG-DELEGAZIONE-scaled-1-819x1024.jpg\" alt=\"\" class=\"wp-image-62088\" srcset=\"https:\/\/www.messinaoggi.it\/website\/wp-content\/uploads\/2021\/04\/IMG-DELEGAZIONE-scaled-1-819x1024.jpg 819w, https:\/\/www.messinaoggi.it\/website\/wp-content\/uploads\/2021\/04\/IMG-DELEGAZIONE-scaled-1-240x300.jpg 240w, https:\/\/www.messinaoggi.it\/website\/wp-content\/uploads\/2021\/04\/IMG-DELEGAZIONE-scaled-1-768x960.jpg 768w, https:\/\/www.messinaoggi.it\/website\/wp-content\/uploads\/2021\/04\/IMG-DELEGAZIONE-scaled-1-1229x1536.jpg 1229w, https:\/\/www.messinaoggi.it\/website\/wp-content\/uploads\/2021\/04\/IMG-DELEGAZIONE-scaled-1-1638x2048.jpg 1638w, https:\/\/www.messinaoggi.it\/website\/wp-content\/uploads\/2021\/04\/IMG-DELEGAZIONE-scaled-1.jpg 2048w\" sizes=\"(max-width: 819px) 100vw, 819px\" \/><figcaption><em><strong>Daniele Settimo, delegato\/fiduciario Aci Sport Sicilia<\/strong><\/em><\/figcaption><\/figure><\/div>\n\n\n\n<p>Alla luce dei primi 4 round, comanda la classifica assoluta del Campionato Siciliano, nonch\u00e9 la sua classe E2SS Girolamo Ingardia che ha vinto su formula Ghipard a Caltagirone e la scorsa settimana a Bonagia oltre ad aver iniziato la stagione col secondo posto nello Slalom del Satiro. <\/p>\n\n\n\n<p>Un ottimo score per il driver marsalese considerando che a San Cataldo non era presente. Buono\u00a0 avvio anche per il trapanese Salvatore Arresta che, facendo della costanza la sua virt\u00f9,\u00a0 \u00e8 stato sempre piazzato con la sua Gloria B5 Suzuki.<\/p>\n\n\n\n<p>Occupa la terza piazza in campionato, ma \u00e8 gi\u00e0 leader in categoria E2SC\u00a0 Emanuele Schillace gi\u00e0 pluri titolato nella disciplina tra i birilli con la su Radical Sr4 di 1600cc. Il messinese \u00e8 gi\u00e0 in scia ai migliori con solo due presenze, una delle quali vittoriosa nella terza edizione dello slalom nisseno Roccella San Cataldo.<\/p>\n\n\n\n<div class=\"wp-block-image\"><figure class=\"aligncenter size-large\"><img loading=\"lazy\" width=\"1024\" height=\"682\" src=\"https:\/\/www.messinaoggi.it\/website\/wp-content\/uploads\/2021\/04\/schillace_2-1-1024x682.jpg\" alt=\"\" class=\"wp-image-62089\" srcset=\"https:\/\/www.messinaoggi.it\/website\/wp-content\/uploads\/2021\/04\/schillace_2-1-1024x682.jpg 1024w, https:\/\/www.messinaoggi.it\/website\/wp-content\/uploads\/2021\/04\/schillace_2-1-300x200.jpg 300w, https:\/\/www.messinaoggi.it\/website\/wp-content\/uploads\/2021\/04\/schillace_2-1-768x512.jpg 768w, https:\/\/www.messinaoggi.it\/website\/wp-content\/uploads\/2021\/04\/schillace_2-1-1536x1023.jpg 1536w, https:\/\/www.messinaoggi.it\/website\/wp-content\/uploads\/2021\/04\/schillace_2-1.jpg 1600w\" sizes=\"(max-width: 1024px) 100vw, 1024px\" \/><figcaption><em><strong>Il messinese Emanuele Schillace su Radical Sr4<\/strong><\/em><\/figcaption><\/figure><\/div>\n\n\n\n<p>Testa a testa fra l\u2019ericino Michele Poma e il palermitano Lorenzo Sampino nella classifica Under 23. Un solo punto separa gli attuali migliori giovani in virt\u00f9 del regolamento che permette un confronto quasi alla pari fra  vetture di prestazioni assolutamente differenti. Il primo dispone della specialistica  Sport Radical SR 4 , mentre l\u2019altro una piccola Peugeot 106 di gruppo N.<\/p>\n\n\n\n<p>Fra le scuderie la messinese TM Racing precede la Trapani Corse, mentre la Ro Racing e l\u2019Armanno Corse in questo momento si contendono la terza piazza.<\/p>\n\n\n\n<p>Lo Slalom Rocca di Novara potrebbe costituire una prima svolta importante nell\u2019economia del campionato, non resta che attendere il verdetto che emetteranno le tre manche di gara in programma domenica.<\/p>\n\n\n\n<p>www.acisportdelegazionesicilia.it \u00e8 il sito web ufficiale della Delegazione.<\/p>\n","protected":false},"excerpt":{"rendered":"<p>Grande attesa per lo Slalom Rocca di Novara che, organizzato in modo attento e professionale dalla Top Competition, non solo\u00a0 inaugurer\u00e0 la stagione Tricolore ma potr\u00e0, visto l\u2019alto coefficiente,\u00a0 dare un nuovo volto alle graduatorie del Campionato Siciliano. \u201cLe gare fin qui disputate sono state molto appassionanti \u2013\u00a0ha commentato Daniele Settimo, delegato \/fiduciario Aci Sport [&hellip;]<\/p>\n","protected":false},"author":17,"featured_media":62087,"comment_status":"open","ping_status":"open","sticky":false,"template":"","format":"standard","meta":{"ub_ctt_via":"","_mi_skip_tracking":false},"categories":[8,9],"tags":[1576],"featured_image_src":"https:\/\/www.messinaoggi.it\/website\/wp-content\/uploads\/2021\/04\/Foto-slalom.jpg","author_info":{"display_name":"Giuseppe Luppino","author_link":"https:\/\/www.messinaoggi.it\/website\/author\/g-luppino\/"},"digistream_id":0,"digistream":false,"_links":{"self":[{"href":"https:\/\/www.messinaoggi.it\/website\/wp-json\/wp\/v2\/posts\/62086"}],"collection":[{"href":"https:\/\/www.messinaoggi.it\/website\/wp-json\/wp\/v2\/posts"}],"about":[{"href":"https:\/\/www.messinaoggi.it\/website\/wp-json\/wp\/v2\/types\/post"}],"author":[{"embeddable":true,"href":"https:\/\/www.messinaoggi.it\/website\/wp-json\/wp\/v2\/users\/17"}],"replies":[{"embeddable":true,"href":"https:\/\/www.messinaoggi.it\/website\/wp-json\/wp\/v2\/comments?post=62086"}],"version-history":[{"count":1,"href":"https:\/\/www.messinaoggi.it\/website\/wp-json\/wp\/v2\/posts\/62086\/revisions"}],"predecessor-version":[{"id":62090,"href":"https:\/\/www.messinaoggi.it\/website\/wp-json\/wp\/v2\/posts\/62086\/revisions\/62090"}],"wp:featuredmedia":[{"embeddable":true,"href":"https:\/\/www.messinaoggi.it\/website\/wp-json\/wp\/v2\/media\/62087"}],"wp:attachment":[{"href":"https:\/\/www.messinaoggi.it\/website\/wp-json\/wp\/v2\/media?parent=62086"}],"wp:term":[{"taxonomy":"category","embeddable":true,"href":"https:\/\/www.messinaoggi.it\/website\/wp-json\/wp\/v2\/categories?post=62086"},{"taxonomy":"post_tag","embeddable":true,"href":"https:\/\/www.messinaoggi.it\/website\/wp-json\/wp\/v2\/tags?post=62086"}],"curies":[{"name":"wp","href":"https:\/\/api.w.org\/{rel}","templated":true}]}}