{"id":62078,"date":"2021-04-30T16:07:44","date_gmt":"2021-04-30T14:07:44","guid":{"rendered":"https:\/\/www.messinaoggi.it\/website\/2021\/04\/30\/pioli-ce-voglia-di-tornare-a-vincere-conti-alla-fine\/"},"modified":"2021-04-30T16:07:44","modified_gmt":"2021-04-30T14:07:44","slug":"pioli-ce-voglia-di-tornare-a-vincere-conti-alla-fine","status":"publish","type":"post","link":"https:\/\/www.messinaoggi.it\/website\/2021\/04\/30\/pioli-ce-voglia-di-tornare-a-vincere-conti-alla-fine\/","title":{"rendered":"Pioli \u201cC\u2019\u00e8 voglia di tornare a vincere, conti alla fine\u201d"},"content":{"rendered":"<div>MILANO (ITALPRESS) &#8211; &#8220;Bisogna alzare la qualit\u00e0 di gioco, avere spirito di sacrificio, di collaborazione. Credo che la squadra abbia sempre avuto gli atteggiamenti giusti e questa \u00e8 una di quelle situazioni in cui il gruppo pu\u00f2 crescere maggiormente. E&#8217; in queste difficolt\u00e0 che un gruppo giovane come il nostro deve avere coesione, forza, volont\u00e0 di reagire e tornare a vincere. Siamo passati attraverso periodi felici e positivi e dobbiamo dimostrare che ci hanno permesso di maturare. Ho visto una squadra concentrata e determinata ma dovremo dimostrarlo sul campo&#8221;. Stefano Pioli non sembra avere dubbi sulla risposta del Milan dopo due sconfitte di fila e alla vigilia della delicata sfida col Benevento. &#8220;E&#8217; giusto che ci siano dei dibattiti, abbiamo fatto met\u00e0 campionato benissimo e un girone di ritorno meno bene, ora serve ancora pi\u00f9 attenzione e determinazione, stiamo subendo qualche gol di troppo e concretizziamo meno di quello che potremmo. Dobbiamo avere una grande energia, sappiamo quanto lavoro \u00e8 stato fatto per essere qui&#8221;. Con la corsa Champions che si \u00e8 fatta in salita, anche il futuro di Pioli \u00e8 diventato oggetto di dibattito. &#8220;Spesso durante la stagione mi avete chiesto del mio futuro ma le valutazioni si fanno alla fine. Per i giudizi a fine campionato sar\u00e0 determinante il nostro piazzamento e quello che riusciremo a ottenere. Ma io sono convinto di quello che sto facendo, della bont\u00e0 del lavoro, l&#8217;appoggio della societ\u00e0 \u00e8 totale e vado avanti per la mia strada. Il supporto del club e dell&#8217;area tecnica non \u00e8 mai venuto meno. Sono persone che sanno cos&#8217;\u00e8 il calcio, cos&#8217;\u00e8 una stagione cos\u00ec lunga e competitiva. Stagioni cos\u00ec difficili passano da momenti particolari e il loro supporto ci aiuta, ci fa stare concentrati e determinati. Ho sempre avuto il sostegno della societ\u00e0, alleno un grande club dove ci sono grandi aspettative e l&#8217;obiettivo \u00e8 portare qualit\u00e0 e risultati all&#8217;altezza&#8221;. Detto che la testa \u00e8 solo sul Benevento e non sulla successiva gara con la Juve, Pioli conferma il rientro di Ibrahimovic: &#8220;Sappiamo quanto possa essere importante la sua presenza dal punto di vista tecnico e caratteriale, siamo contenti che possa essere a disposizione, \u00e8 pronto e determinato come sempre&#8221;.<br \/>(ITALPRESS).<\/div>\n<div id=\"div-gpt-ad-Messinaoggi.it-DSK-300x250-corpoart\" style=\"text-align:center;margin:0 auto;\"><\/div><\/p><div id=\"videoincontent\" style=\"clear:both\";><\/div>","protected":false},"excerpt":{"rendered":"<p>MILANO (ITALPRESS) &#8211; &#8220;Bisogna alzare la qualit\u00e0 di gioco, avere spirito di sacrificio, di collaborazione. Credo che la squadra abbia sempre avuto gli atteggiamenti giusti e questa \u00e8 una di quelle situazioni in cui il gruppo pu\u00f2 crescere maggiormente. E&#8217; in queste difficolt\u00e0 che un gruppo giovane come il nostro deve avere coesione, forza, volont\u00e0 [&hellip;]<\/p>\n","protected":false},"author":18,"featured_media":62079,"comment_status":"closed","ping_status":"closed","sticky":false,"template":"","format":"standard","meta":{"ub_ctt_via":"","_mi_skip_tracking":false},"categories":[446],"tags":[783],"featured_image_src":"https:\/\/www.messinaoggi.it\/website\/wp-content\/uploads\/2021\/04\/20210430_1036.jpg","author_info":{"display_name":"Admin","author_link":"https:\/\/www.messinaoggi.it\/website\/author\/admin\/"},"digistream_id":0,"digistream":false,"_links":{"self":[{"href":"https:\/\/www.messinaoggi.it\/website\/wp-json\/wp\/v2\/posts\/62078"}],"collection":[{"href":"https:\/\/www.messinaoggi.it\/website\/wp-json\/wp\/v2\/posts"}],"about":[{"href":"https:\/\/www.messinaoggi.it\/website\/wp-json\/wp\/v2\/types\/post"}],"author":[{"embeddable":true,"href":"https:\/\/www.messinaoggi.it\/website\/wp-json\/wp\/v2\/users\/18"}],"replies":[{"embeddable":true,"href":"https:\/\/www.messinaoggi.it\/website\/wp-json\/wp\/v2\/comments?post=62078"}],"version-history":[{"count":0,"href":"https:\/\/www.messinaoggi.it\/website\/wp-json\/wp\/v2\/posts\/62078\/revisions"}],"wp:featuredmedia":[{"embeddable":true,"href":"https:\/\/www.messinaoggi.it\/website\/wp-json\/wp\/v2\/media\/62079"}],"wp:attachment":[{"href":"https:\/\/www.messinaoggi.it\/website\/wp-json\/wp\/v2\/media?parent=62078"}],"wp:term":[{"taxonomy":"category","embeddable":true,"href":"https:\/\/www.messinaoggi.it\/website\/wp-json\/wp\/v2\/categories?post=62078"},{"taxonomy":"post_tag","embeddable":true,"href":"https:\/\/www.messinaoggi.it\/website\/wp-json\/wp\/v2\/tags?post=62078"}],"curies":[{"name":"wp","href":"https:\/\/api.w.org\/{rel}","templated":true}]}}