{"id":62073,"date":"2021-04-30T15:07:31","date_gmt":"2021-04-30T13:07:31","guid":{"rendered":"https:\/\/www.messinaoggi.it\/website\/2021\/04\/30\/conte-vogliamo-arrivare-in-porto-il-prima-possibile\/"},"modified":"2021-04-30T15:07:31","modified_gmt":"2021-04-30T13:07:31","slug":"conte-vogliamo-arrivare-in-porto-il-prima-possibile","status":"publish","type":"post","link":"https:\/\/www.messinaoggi.it\/website\/2021\/04\/30\/conte-vogliamo-arrivare-in-porto-il-prima-possibile\/","title":{"rendered":"Conte \u201cVogliamo arrivare in porto il prima possibile\u201d"},"content":{"rendered":"<div>MILANO (ITALPRESS) &#8211; Le parole &#8220;distrazione&#8221; e &#8220;calo&#8221; non esistono nel suo vocabolario. &#8220;I ragazzi sanno che dobbiamo fare il nostro. Dobbiamo avere il massimo rispetto del Crotone e di quello che stanno facendo. Dovremo fare l&#8217;Inter, con grande determinazione e con grande ferocia&#8221;. Cos\u00ec, alla vigilia della sfida in trasferta contro il Crotone, Antonio Conte, tecnico dell&#8217;Inter, che in questo fine settimana potrebbe gi\u00e0 festeggiare la conquista dello scudetto in caso di vittoria sul team di Cosmi con conseguente pareggio o sconfitta dell&#8217;Atalanta sul campo del Sassuolo.<br \/>&#8220;Con Steven Zhang c&#8217;\u00e8 stato un semplice saluto. Ha voluto vedere il gruppo e ha fatto un grosso in bocca al lupo a tutti. Ancora non abbiamo conquistato niente&#8221;, ha aggiunto Conte, a proposito della visita del presidente.<br \/>&#8220;Stiamo per fare qualcosa di straordinario. Tutte le squadre sono &#8216;provat\u00e8 ma parlare oggi di stanchezza, per noi, non ha senso. L&#8217;annata \u00e8 stata lunga e importante: speriamo che finisca nella giusta maniera. Tutti sono cresciuti in questo gruppo e tutti stanno raccogliendo &#8216;frutt\u00ec, anche a livello individuale. Pinamonti? Anche lui \u00e8 cresciuto, pur avendo trovato poco spazio. Abbiamo faticato tutti tanto, ma c&#8217;\u00e8 stata una crescita importante&#8221;, ha detto ancora il tecnico dell&#8217;Inter.<br \/>&#8220;Siamo stati bravi in diverse fasi della stagione, anche e soprattutto quando eravamo indietro in classifica. Il gruppo \u00e8 cresciuto tanto, al pari dell&#8217;autostima di tutti. Vidal ancora non \u00e8 disponibile: mi auguro che possa tornare per questo finale di stagione, al quale vorrei che partecipassero tutti&#8221;, ha precisato Conte. &#8220;Anche la gestione dell&#8217;attesa non \u00e8 facile. Non vogliamo brutte sorprese e vogliamo arrivare in porto quanto prima. Dobbiamo arrivare il primo possibile allo scudetto. Poi dar\u00f2 spazio a qualcuno che ha giocato meno in questa stagione ma che merita comunque di scendere in campo&#8221;, ha concluso l&#8217;allenatore nerazzurro.<br \/>(ITALPRESS).<\/div>\n<div id=\"div-gpt-ad-Messinaoggi.it-DSK-300x250-corpoart\" style=\"text-align:center;margin:0 auto;\"><\/div><\/p><div id=\"videoincontent\" style=\"clear:both\";><\/div>","protected":false},"excerpt":{"rendered":"<p>MILANO (ITALPRESS) &#8211; Le parole &#8220;distrazione&#8221; e &#8220;calo&#8221; non esistono nel suo vocabolario. &#8220;I ragazzi sanno che dobbiamo fare il nostro. Dobbiamo avere il massimo rispetto del Crotone e di quello che stanno facendo. Dovremo fare l&#8217;Inter, con grande determinazione e con grande ferocia&#8221;. Cos\u00ec, alla vigilia della sfida in trasferta contro il Crotone, Antonio [&hellip;]<\/p>\n","protected":false},"author":18,"featured_media":62074,"comment_status":"closed","ping_status":"closed","sticky":false,"template":"","format":"standard","meta":{"ub_ctt_via":"","_mi_skip_tracking":false},"categories":[446],"tags":[783],"featured_image_src":"https:\/\/www.messinaoggi.it\/website\/wp-content\/uploads\/2021\/04\/20210430_0943.jpg","author_info":{"display_name":"Admin","author_link":"https:\/\/www.messinaoggi.it\/website\/author\/admin\/"},"digistream_id":0,"digistream":false,"_links":{"self":[{"href":"https:\/\/www.messinaoggi.it\/website\/wp-json\/wp\/v2\/posts\/62073"}],"collection":[{"href":"https:\/\/www.messinaoggi.it\/website\/wp-json\/wp\/v2\/posts"}],"about":[{"href":"https:\/\/www.messinaoggi.it\/website\/wp-json\/wp\/v2\/types\/post"}],"author":[{"embeddable":true,"href":"https:\/\/www.messinaoggi.it\/website\/wp-json\/wp\/v2\/users\/18"}],"replies":[{"embeddable":true,"href":"https:\/\/www.messinaoggi.it\/website\/wp-json\/wp\/v2\/comments?post=62073"}],"version-history":[{"count":0,"href":"https:\/\/www.messinaoggi.it\/website\/wp-json\/wp\/v2\/posts\/62073\/revisions"}],"wp:featuredmedia":[{"embeddable":true,"href":"https:\/\/www.messinaoggi.it\/website\/wp-json\/wp\/v2\/media\/62074"}],"wp:attachment":[{"href":"https:\/\/www.messinaoggi.it\/website\/wp-json\/wp\/v2\/media?parent=62073"}],"wp:term":[{"taxonomy":"category","embeddable":true,"href":"https:\/\/www.messinaoggi.it\/website\/wp-json\/wp\/v2\/categories?post=62073"},{"taxonomy":"post_tag","embeddable":true,"href":"https:\/\/www.messinaoggi.it\/website\/wp-json\/wp\/v2\/tags?post=62073"}],"curies":[{"name":"wp","href":"https:\/\/api.w.org\/{rel}","templated":true}]}}