{"id":62047,"date":"2021-04-30T14:07:36","date_gmt":"2021-04-30T12:07:36","guid":{"rendered":"https:\/\/www.messinaoggi.it\/website\/2021\/04\/30\/pil-atteso-forte-rimbalzo-nel-terzo-trimestre-ma-restano-rischi\/"},"modified":"2021-04-30T14:07:36","modified_gmt":"2021-04-30T12:07:36","slug":"pil-atteso-forte-rimbalzo-nel-terzo-trimestre-ma-restano-rischi","status":"publish","type":"post","link":"https:\/\/www.messinaoggi.it\/website\/2021\/04\/30\/pil-atteso-forte-rimbalzo-nel-terzo-trimestre-ma-restano-rischi\/","title":{"rendered":"Pil, atteso forte rimbalzo nel terzo trimestre ma restano rischi"},"content":{"rendered":"<div>ROMA (ITALPRESS) &#8211; In Italia sono iniziati da aprile i primi allentamenti delle restrizioni anti-Covid. Ci\u00f2 condurr\u00e0 nel secondo trimestre a un piccolo segno positivo del Pil, dopo la lieve contrazione nel primo (-0,4%). Si conferma lo scenario in cui un forte rimbalzo si avr\u00e0 nel terzo trimestre, grazie al crescere delle vaccinazioni; riguardo al loro ritmo, che ha accelerato, restano per\u00f2 rischi al ribasso. Dall&#8217;imponente piano NG-EU, ai nastri di partenza, arriver\u00e0 un aiuto alla ripresa gi\u00e0 nella seconda met\u00e0 del 2021. Lo rileva il Centro studi di Confindustria nella congiuntura flash. Nell&#8217;industria &#8211; prosegue il Csc &#8211; il PMI \u00e8 salito a 59,8 a marzo e la produzione \u00e8 stimata in crescita gi\u00e0 nel primo trimestre (+1,0%), pur con forte eterogeneit\u00e0 settoriale. <br \/>Il nodo restano, finora, i servizi, dove l&#8217;attivit\u00e0 \u00e8 ancora in flessione (PMI sceso a 48,6); la graduale riapertura, nelle prossime settimane, di diverse attivit\u00e0 terziarie induce a prevedere un progressivo ritorno in territorio positivo. Da febbraio 2020 a marzo 2021 &#8211; osserva il Csc &#8211; ci sono 896mila occupati in meno. I pi\u00f9 colpiti sono i lavoratori a tempo determinato (-9,4%) e gli autonomi (-6,6%). Per i primi, alla maggiore elasticit\u00e0 al ciclo economico, si aggiunge, in questa crisi, l&#8217;effetto del blocco dei licenziamenti. I secondi in molti casi hanno dovuto fermare la loro attivit\u00e0, per le restrizioni in settori dei servizi in cui sono pi\u00f9 presenti.<br \/>(ITALPRESS).<\/div>\n<div id=\"div-gpt-ad-Messinaoggi.it-DSK-300x250-corpoart\" style=\"text-align:center;margin:0 auto;\"><\/div><\/p><div id=\"videoincontent\" style=\"clear:both\";><\/div>","protected":false},"excerpt":{"rendered":"<p>ROMA (ITALPRESS) &#8211; In Italia sono iniziati da aprile i primi allentamenti delle restrizioni anti-Covid. Ci\u00f2 condurr\u00e0 nel secondo trimestre a un piccolo segno positivo del Pil, dopo la lieve contrazione nel primo (-0,4%). Si conferma lo scenario in cui un forte rimbalzo si avr\u00e0 nel terzo trimestre, grazie al crescere delle vaccinazioni; riguardo al [&hellip;]<\/p>\n","protected":false},"author":18,"featured_media":62048,"comment_status":"closed","ping_status":"closed","sticky":false,"template":"","format":"standard","meta":{"ub_ctt_via":"","_mi_skip_tracking":false},"categories":[446],"tags":[783],"featured_image_src":"https:\/\/www.messinaoggi.it\/website\/wp-content\/uploads\/2021\/04\/20210430_0695.jpg","author_info":{"display_name":"Admin","author_link":"https:\/\/www.messinaoggi.it\/website\/author\/admin\/"},"digistream_id":0,"digistream":false,"_links":{"self":[{"href":"https:\/\/www.messinaoggi.it\/website\/wp-json\/wp\/v2\/posts\/62047"}],"collection":[{"href":"https:\/\/www.messinaoggi.it\/website\/wp-json\/wp\/v2\/posts"}],"about":[{"href":"https:\/\/www.messinaoggi.it\/website\/wp-json\/wp\/v2\/types\/post"}],"author":[{"embeddable":true,"href":"https:\/\/www.messinaoggi.it\/website\/wp-json\/wp\/v2\/users\/18"}],"replies":[{"embeddable":true,"href":"https:\/\/www.messinaoggi.it\/website\/wp-json\/wp\/v2\/comments?post=62047"}],"version-history":[{"count":0,"href":"https:\/\/www.messinaoggi.it\/website\/wp-json\/wp\/v2\/posts\/62047\/revisions"}],"wp:featuredmedia":[{"embeddable":true,"href":"https:\/\/www.messinaoggi.it\/website\/wp-json\/wp\/v2\/media\/62048"}],"wp:attachment":[{"href":"https:\/\/www.messinaoggi.it\/website\/wp-json\/wp\/v2\/media?parent=62047"}],"wp:term":[{"taxonomy":"category","embeddable":true,"href":"https:\/\/www.messinaoggi.it\/website\/wp-json\/wp\/v2\/categories?post=62047"},{"taxonomy":"post_tag","embeddable":true,"href":"https:\/\/www.messinaoggi.it\/website\/wp-json\/wp\/v2\/tags?post=62047"}],"curies":[{"name":"wp","href":"https:\/\/api.w.org\/{rel}","templated":true}]}}