{"id":62045,"date":"2021-04-30T15:35:52","date_gmt":"2021-04-30T13:35:52","guid":{"rendered":"http:\/\/www.messinaoggi.it\/website\/?p=62045"},"modified":"2021-04-30T20:00:14","modified_gmt":"2021-04-30T18:00:14","slug":"primo-maggio-mobilitazione-cub-in-undici-citta-italiane","status":"publish","type":"post","link":"https:\/\/www.messinaoggi.it\/website\/2021\/04\/30\/primo-maggio-mobilitazione-cub-in-undici-citta-italiane\/","title":{"rendered":"Primo Maggio, mobilitazione Cub in undici citt\u00e0 italiane"},"content":{"rendered":"\n<p>In un Primo maggio, ancora una volta segnato dalla pandemia, la Cub promuove in tutta Italia una giornata di mobilitazione in undici piazze (Milano, Torino, Firenze, Pompei, Ragusa, Catania, Pisa, Roma, Palermo, Messina e Brescia).<div id=\"div-gpt-ad-Messinaoggi.it-DSK-300x250-corpoart\" style=\"text-align:center;margin:0 auto;\"><\/div><\/p>\n\n\n\n<p>&#8220;Portare il nostro Paese fuori dalla crisi \u00e8 possibile &#8211; dichiara Marcello Amendola, segretario nazionale Cub &#8211; ma lo si deve fare in sicurezza. Lavoro, Salute e garanzie di un reddito dignitoso devono tornare ad essere il fulcro dell&#8217;azione politica e della pratica sindacale.<div id=\"videoincontent\" style=\"clear:both\";><\/div><\/p>\n\n\n\n<p>Si devono affrontare le gravi conseguenze economiche della crisi in atto all&#8217;insegna dell&#8217;equit\u00e0 e della redistribuzione, chiamando i pi\u00f9 ricchi a sostenerne il peso; inoltre \u00e8 necessario affrontare e risolvere le crisi aziendali come Ilva, Alitalia, Embraco, Iveco senza svendere il nostro patrimonio industriale e recuperando una prospettiva operativa nei settori manifatturieri ad alto valore&#8221;.<\/p>\n\n\n\n<p>Un rilancio che va realizzato in sicurezza, ribadisce la Cub: &#8220;Questo significa che occorre agire per risollevare il welfare pubblico (sanit\u00e0, istruzione, assistenza e previdenza) massacrato in anni di tagli selvaggi all&#8217;insegna dell&#8217;austerit\u00e0&#8221;.<\/p>\n","protected":false},"excerpt":{"rendered":"<p>In un Primo maggio, ancora una volta segnato dalla pandemia, la Cub promuove in tutta Italia una giornata di mobilitazione in undici piazze (Milano, Torino, Firenze, Pompei, Ragusa, Catania, Pisa, Roma, Palermo, Messina e Brescia). &#8220;Portare il nostro Paese fuori dalla crisi \u00e8 possibile &#8211; dichiara Marcello Amendola, segretario nazionale Cub &#8211; ma lo si [&hellip;]<\/p>\n","protected":false},"author":4,"featured_media":40306,"comment_status":"open","ping_status":"open","sticky":false,"template":"","format":"standard","meta":{"ub_ctt_via":"","_mi_skip_tracking":false},"categories":[5],"tags":[1574],"featured_image_src":"https:\/\/www.messinaoggi.it\/website\/wp-content\/uploads\/2020\/02\/1B400901-7607-49C6-8E17-62B3E3412640-scaled-1.jpeg","author_info":{"display_name":"redme","author_link":"https:\/\/www.messinaoggi.it\/website\/author\/redme\/"},"digistream_id":0,"digistream":false,"_links":{"self":[{"href":"https:\/\/www.messinaoggi.it\/website\/wp-json\/wp\/v2\/posts\/62045"}],"collection":[{"href":"https:\/\/www.messinaoggi.it\/website\/wp-json\/wp\/v2\/posts"}],"about":[{"href":"https:\/\/www.messinaoggi.it\/website\/wp-json\/wp\/v2\/types\/post"}],"author":[{"embeddable":true,"href":"https:\/\/www.messinaoggi.it\/website\/wp-json\/wp\/v2\/users\/4"}],"replies":[{"embeddable":true,"href":"https:\/\/www.messinaoggi.it\/website\/wp-json\/wp\/v2\/comments?post=62045"}],"version-history":[{"count":1,"href":"https:\/\/www.messinaoggi.it\/website\/wp-json\/wp\/v2\/posts\/62045\/revisions"}],"predecessor-version":[{"id":62046,"href":"https:\/\/www.messinaoggi.it\/website\/wp-json\/wp\/v2\/posts\/62045\/revisions\/62046"}],"wp:featuredmedia":[{"embeddable":true,"href":"https:\/\/www.messinaoggi.it\/website\/wp-json\/wp\/v2\/media\/40306"}],"wp:attachment":[{"href":"https:\/\/www.messinaoggi.it\/website\/wp-json\/wp\/v2\/media?parent=62045"}],"wp:term":[{"taxonomy":"category","embeddable":true,"href":"https:\/\/www.messinaoggi.it\/website\/wp-json\/wp\/v2\/categories?post=62045"},{"taxonomy":"post_tag","embeddable":true,"href":"https:\/\/www.messinaoggi.it\/website\/wp-json\/wp\/v2\/tags?post=62045"}],"curies":[{"name":"wp","href":"https:\/\/api.w.org\/{rel}","templated":true}]}}